{"id":341,"date":"2016-03-09T19:40:40","date_gmt":"2016-03-09T17:40:40","guid":{"rendered":"https:\/\/arhiv.cona.si\/slo\/?p=341"},"modified":"2016-03-15T13:10:48","modified_gmt":"2016-03-15T11:10:48","slug":"samo-kutin-boris-baltschun","status":"publish","type":"post","link":"https:\/\/arhiv.cona.si\/slo\/2016\/03\/09\/samo-kutin-boris-baltschun\/","title":{"rendered":"Samo Kutin in Boris Baltschun"},"content":{"rendered":"<p><a href=\"https:\/\/arhiv.cona.si\/slo\/wp-content\/uploads\/sites\/2\/2016\/03\/boris_mala.jpg\" rel=\"attachment wp-att-348\"><img loading=\"lazy\" decoding=\"async\" class=\"alignleft size-thumbnail wp-image-348\" src=\"https:\/\/arhiv.cona.si\/slo\/wp-content\/uploads\/sites\/2\/2016\/03\/boris_mala-150x150.jpg\" alt=\"boris_mala\" width=\"150\" height=\"150\" \/><\/a><a href=\"https:\/\/arhiv.cona.si\/slo\/wp-content\/uploads\/sites\/2\/2016\/03\/samo-kutin-Foto-Nada-Z\u030cgank_cb-kvadrat.jpg\" rel=\"attachment wp-att-342\"><img loading=\"lazy\" decoding=\"async\" class=\"alignleft size-thumbnail wp-image-342\" src=\"https:\/\/arhiv.cona.si\/slo\/wp-content\/uploads\/sites\/2\/2016\/03\/samo-kutin-Foto-Nada-Z\u030cgank_cb-kvadrat-150x150.jpg\" alt=\"samo kutin - Foto Nada Z\u030cgank_cb-kvadrat\" width=\"150\" height=\"150\" srcset=\"https:\/\/arhiv.cona.si\/slo\/wp-content\/uploads\/sites\/2\/2016\/03\/samo-kutin-Foto-Nada-Z\u030cgank_cb-kvadrat-150x150.jpg 150w, https:\/\/arhiv.cona.si\/slo\/wp-content\/uploads\/sites\/2\/2016\/03\/samo-kutin-Foto-Nada-Z\u030cgank_cb-kvadrat-300x300.jpg 300w, https:\/\/arhiv.cona.si\/slo\/wp-content\/uploads\/sites\/2\/2016\/03\/samo-kutin-Foto-Nada-Z\u030cgank_cb-kvadrat-768x769.jpg 768w, https:\/\/arhiv.cona.si\/slo\/wp-content\/uploads\/sites\/2\/2016\/03\/samo-kutin-Foto-Nada-Z\u030cgank_cb-kvadrat.jpg 829w\" sizes=\"auto, (max-width: 150px) 100vw, 150px\" \/><\/a>Torek 22. marca, ob 20.00,<br \/>\n<a href=\"http:\/\/www.pina.si\/\">Pina <\/a>Koper<\/p>\n<p>Sreda 23. marca, ob 20.00,<br \/>\n<strong>Dvorana Komuna, <a href=\"http:\/\/www.kinosiska.si\/\">Kino \u0160i\u0161ka<\/a>,<\/strong> Ljubljana, vstop prost.<\/p>\n<p>&nbsp;<\/p>\n<p><strong><a href=\"https:\/\/arhiv.cona.si\/slo\/zvo-ci-ti-so-und-ing-duo-cikel-2016\/\">ZVO.\u010cI.TI so.und.ing DUO<\/a>,<\/strong>\u00a0cikel elektroakusti\u010dnih performativnih zvo\u010dnih dogodkov, ki predstavljajo premierna dela \u2013 plod sodelovanja slovenskega in mednarodnega umetnika.<\/p>\n<p><!--more--><\/p>\n<p><strong>Samo Kutin: <\/strong><strong><em>Priprto \u00a0<\/em><\/strong><br \/>\nGre za improvizirano raziskovanje zvo\u010dnosti glasbila hurdy gurdy, prena\u0161anje zvoka iz in\u0161trumenta na resonatorje in uporabo predmetov za raz\u0161irjanje tehnik igranja.<\/p>\n<p><strong>Boris Baltschun<\/strong>: <strong><em>Aliquots<\/em><\/strong><br \/>\nDelo <em>Aliquots<\/em> je definirano z dvema parametroma \u2013 s samo postavitvijo in z opazovanjem. Dva identi\u010dna zvo\u010dna generatorja prevzemata razli\u010dne vloge. Vsak od njiju je lahko isto\u010dasno spro\u017eilec, resonator ali oboje, izvajalec pa prevzame vlogo opazovalca. Ali opazovanje spremeni stanje stroja?<\/p>\n<div class=\"column\">\n<p><strong>Samo Kutin<\/strong> in <strong>Boris Baltschun\u00a0<em>AA (Ajar Aliquots)\u00a0<\/em><\/strong><br \/>\n(premierno delo, 2016)\u00a0AA (Ajar Aliquots) raziskuje zvoc\u030cni potencial dveh primerljivih \u00bbstrojev\u00ab. C\u030ceprav v osnovi izhajata iz precej oddaljenih c\u030casovnih obdobij, instrumenta, ki ju upravljata izkus\u030cena improvizatorja, delujeta kot prava generatorja hrupa.<\/p>\n<\/div>\n<p>Kurator: Brane Zorman<br \/>\nProdukcija:\u00a0CONA, 2016<br \/>\nKoprodukcija: CUK Kino S\u030cis\u030cka<br \/>\nProgram zavoda CONA podpira Mestna obc\u030cina Ljubljana<br \/>\nZVO.C\u030cI.TI so.und.ing DUO podpira Ministrstvo za kulturo<\/p>\n","protected":false},"excerpt":{"rendered":"<p>Torek 22. marca, ob 20.00, Pina Koper Sreda 23. marca, ob 20.00, Dvorana Komuna, Kino \u0160i\u0161ka, Ljubljana, vstop prost. &nbsp; ZVO.\u010cI.TI so.und.ing DUO,\u00a0cikel elektroakusti\u010dnih performativnih zvo\u010dnih dogodkov, ki predstavljajo premierna dela \u2013 plod sodelovanja slovenskega in mednarodnega umetnika.<\/p>\n","protected":false},"author":2,"featured_media":0,"comment_status":"closed","ping_status":"closed","sticky":false,"template":"","format":"standard","meta":{"footnotes":""},"categories":[6,3],"tags":[],"class_list":["post-341","post","type-post","status-publish","format-standard","hentry","category-4zvok-glasba","category-5cona"],"_links":{"self":[{"href":"https:\/\/arhiv.cona.si\/slo\/wp-json\/wp\/v2\/posts\/341","targetHints":{"allow":["GET"]}}],"collection":[{"href":"https:\/\/arhiv.cona.si\/slo\/wp-json\/wp\/v2\/posts"}],"about":[{"href":"https:\/\/arhiv.cona.si\/slo\/wp-json\/wp\/v2\/types\/post"}],"author":[{"embeddable":true,"href":"https:\/\/arhiv.cona.si\/slo\/wp-json\/wp\/v2\/users\/2"}],"replies":[{"embeddable":true,"href":"https:\/\/arhiv.cona.si\/slo\/wp-json\/wp\/v2\/comments?post=341"}],"version-history":[{"count":12,"href":"https:\/\/arhiv.cona.si\/slo\/wp-json\/wp\/v2\/posts\/341\/revisions"}],"predecessor-version":[{"id":355,"href":"https:\/\/arhiv.cona.si\/slo\/wp-json\/wp\/v2\/posts\/341\/revisions\/355"}],"wp:attachment":[{"href":"https:\/\/arhiv.cona.si\/slo\/wp-json\/wp\/v2\/media?parent=341"}],"wp:term":[{"taxonomy":"category","embeddable":true,"href":"https:\/\/arhiv.cona.si\/slo\/wp-json\/wp\/v2\/categories?post=341"},{"taxonomy":"post_tag","embeddable":true,"href":"https:\/\/arhiv.cona.si\/slo\/wp-json\/wp\/v2\/tags?post=341"}],"curies":[{"name":"wp","href":"https:\/\/api.w.org\/{rel}","templated":true}]}}