{"id":2926,"date":"2025-06-16T13:35:54","date_gmt":"2025-06-16T11:35:54","guid":{"rendered":"https:\/\/arhiv.cona.si\/slo\/?p=2926"},"modified":"2025-10-13T10:19:20","modified_gmt":"2025-10-13T08:19:20","slug":"neza-knez-sledim","status":"publish","type":"post","link":"https:\/\/arhiv.cona.si\/slo\/2025\/06\/16\/neza-knez-sledim\/","title":{"rendered":"Ne\u017ea Knez: Sledim"},"content":{"rendered":"<p><img loading=\"lazy\" decoding=\"async\" class=\"wp-image-6217 size-thumbnail alignleft\" src=\"https:\/\/arhiv.cona.si\/wp-content\/uploads\/2025\/06\/Neza-Knez3-2-150x150.jpg\" alt=\"\" width=\"150\" height=\"150\" \/>zvo\u010dni sprehod<br \/>\ntorek, 23. 9., 18.00<br \/>\npetek, 26. 9., 9.30<br \/>\nzbirno mesto: spodnja postaja vzpenja\u010de na Ljubljanski grad<br \/>\n<b><\/b><\/p>\n<div>\n<p class=\"p1\">Zvo\u010dno potovanje po poti vremenskega balona, od vzpona do preloma.<\/p>\n<\/div>\n<p><!--more--><\/p>\n<p><strong><a href=\"https:\/\/pretix.eu\/cona\/topot-2025\/\">PRIJAVA<\/a><\/strong><\/p>\n<p><strong>\u27a4 Za zvo\u010dni sprehod je obvezen prispevek v vi\u0161ini 5,00 \u20ac, ki krije karto za \u017ei\u010dnico.<\/strong><\/p>\n<div>\n<p>Umetnica za izhodi\u0161\u010de raziskovanja in zvo\u010dnega potovanja izbere vremenski balon, ki se uporablja za meteorolo\u0161ka merjenja in napovedovanje vremena. Vsak dan se po vsem svetu v zrak spusti ve\u010d kot 800 balonov, ki se, prepu\u0161\u010deni zra\u010dnemu tlaku, temperaturi, gostoti, pritisku in vetru, dvigajo v atmosfero.o.<\/p>\n<p>Atmosferi\u010dno imaginarno potovanje od tal v ozra\u010dje in nazaj se bo za\u010delo pod grajsko vzpenja\u010do, s katero se bomo povzpeli na Ljubljanski grad. Ko bomo dovolj visoko, bomo odpotovali \u0161e dlje. Sledili bomo napetosti in spremembam vse do maksimalne to\u010dke raztezanja, ki vodi v prelom \u2013 pok in pad. Nato se bomo z vzpenja\u010do vrnili nazaj pod vzno\u017eje gradu.<\/p>\n<p>\u0160tiridesetminutna zvo\u010dna kompozicija bo vsebovala zvo\u010dne posnetke meteorolo\u0161kih instrumentov, terenske in studijske posnetke, intervjuje s strokovnjaki na tem podro\u010dju ter sledenje poti balona z opazovalcem, ki ga spu\u0161\u010da, mu sledi in zbira podatke. Sledili bomo metafori\u010dnemu izpustu, dviganju, raztezanju, poku, padanju in pristanku. Temu zvo\u010dnemu potovanju bo sledil tudi umetni\u010din glas, ki bo \u0161e dodatno preizpra\u0161eval trenutke sprememb, transformacij, smeri, hitrosti, gostote, temperatur, vla\u017enosti, vetrov itn.<\/p>\n<p>Slojevitost zvo\u010dnega materiala bo enkrat spominjala na sanje, drugi\u010d na dokumentacijo znanstvene discipline. Odra\u017eala se bo v intimnih, fizi\u010dnih, slu\u0161nih in taktilnih dra\u017eljajih, ki bodo ustvarjali slojevito senzori\u010dno izku\u0161njo.<\/p>\n\n\t\t<style type=\"text\/css\">\n\t\t\t#gallery-1 {\n\t\t\t\tmargin: auto;\n\t\t\t}\n\t\t\t#gallery-1 .gallery-item {\n\t\t\t\tfloat: left;\n\t\t\t\tmargin-top: 10px;\n\t\t\t\ttext-align: center;\n\t\t\t\twidth: 20%;\n\t\t\t}\n\t\t\t#gallery-1 img {\n\t\t\t\tborder: 2px solid #cfcfcf;\n\t\t\t}\n\t\t\t#gallery-1 .gallery-caption {\n\t\t\t\tmargin-left: 0;\n\t\t\t}\n\t\t\t\/* see gallery_shortcode() in wp-includes\/media.php *\/\n\t\t<\/style>\n\t\t<div id='gallery-1' class='gallery galleryid-2926 gallery-columns-5 gallery-size-thumbnail'><dl class='gallery-item'>\n\t\t\t<dt class='gallery-icon landscape'>\n\t\t\t\t<img loading=\"lazy\" decoding=\"async\" width=\"150\" height=\"150\" src=\"https:\/\/arhiv.cona.si\/slo\/wp-content\/uploads\/sites\/2\/2025\/06\/Foto-Matej-Tomazin-Cona-5-150x150.jpg\" class=\"attachment-thumbnail size-thumbnail\" alt=\"\" \/>\n\t\t\t<\/dt><\/dl><dl class='gallery-item'>\n\t\t\t<dt class='gallery-icon landscape'>\n\t\t\t\t<img loading=\"lazy\" decoding=\"async\" width=\"150\" height=\"150\" src=\"https:\/\/arhiv.cona.si\/slo\/wp-content\/uploads\/sites\/2\/2025\/06\/Foto-Matej-Tomazin-Cona-55-150x150.jpg\" class=\"attachment-thumbnail size-thumbnail\" alt=\"\" \/>\n\t\t\t<\/dt><\/dl><dl class='gallery-item'>\n\t\t\t<dt class='gallery-icon portrait'>\n\t\t\t\t<img loading=\"lazy\" decoding=\"async\" width=\"150\" height=\"150\" src=\"https:\/\/arhiv.cona.si\/slo\/wp-content\/uploads\/sites\/2\/2025\/06\/Foto-Matej-Tomazin-Cona-18-1-150x150.jpg\" class=\"attachment-thumbnail size-thumbnail\" alt=\"\" \/>\n\t\t\t<\/dt><\/dl><dl class='gallery-item'>\n\t\t\t<dt class='gallery-icon landscape'>\n\t\t\t\t<img loading=\"lazy\" decoding=\"async\" width=\"150\" height=\"150\" src=\"https:\/\/arhiv.cona.si\/slo\/wp-content\/uploads\/sites\/2\/2025\/06\/Foto-Matej-Tomazin-Cona-29-150x150.jpg\" class=\"attachment-thumbnail size-thumbnail\" alt=\"\" \/>\n\t\t\t<\/dt><\/dl><dl class='gallery-item'>\n\t\t\t<dt class='gallery-icon landscape'>\n\t\t\t\t<img loading=\"lazy\" decoding=\"async\" width=\"150\" height=\"150\" src=\"https:\/\/arhiv.cona.si\/slo\/wp-content\/uploads\/sites\/2\/2025\/06\/Foto-Matej-Tomazin-Cona-54-150x150.jpg\" class=\"attachment-thumbnail size-thumbnail\" alt=\"\" \/>\n\t\t\t<\/dt><\/dl><br style=\"clear: both\" \/><dl class='gallery-item'>\n\t\t\t<dt class='gallery-icon portrait'>\n\t\t\t\t<img loading=\"lazy\" decoding=\"async\" width=\"150\" height=\"150\" src=\"https:\/\/arhiv.cona.si\/slo\/wp-content\/uploads\/sites\/2\/2025\/06\/Foto-Matej-Tomazin-Cona-3-150x150.jpg\" class=\"attachment-thumbnail size-thumbnail\" alt=\"\" \/>\n\t\t\t<\/dt><\/dl><dl class='gallery-item'>\n\t\t\t<dt class='gallery-icon landscape'>\n\t\t\t\t<img loading=\"lazy\" decoding=\"async\" width=\"150\" height=\"150\" src=\"https:\/\/arhiv.cona.si\/slo\/wp-content\/uploads\/sites\/2\/2025\/06\/Foto-Matej-Tomazin-Cona-21-150x150.jpg\" class=\"attachment-thumbnail size-thumbnail\" alt=\"\" \/>\n\t\t\t<\/dt><\/dl><dl class='gallery-item'>\n\t\t\t<dt class='gallery-icon portrait'>\n\t\t\t\t<img loading=\"lazy\" decoding=\"async\" width=\"150\" height=\"150\" src=\"https:\/\/arhiv.cona.si\/slo\/wp-content\/uploads\/sites\/2\/2025\/06\/Foto-Matej-Tomazin-Cona-11-150x150.jpg\" class=\"attachment-thumbnail size-thumbnail\" alt=\"\" \/>\n\t\t\t<\/dt><\/dl><dl class='gallery-item'>\n\t\t\t<dt class='gallery-icon portrait'>\n\t\t\t\t<img loading=\"lazy\" decoding=\"async\" width=\"150\" height=\"150\" src=\"https:\/\/arhiv.cona.si\/slo\/wp-content\/uploads\/sites\/2\/2025\/06\/Foto-Matej-Tomazin-Cona-25-150x150.jpg\" class=\"attachment-thumbnail size-thumbnail\" alt=\"\" \/>\n\t\t\t<\/dt><\/dl><dl class='gallery-item'>\n\t\t\t<dt class='gallery-icon landscape'>\n\t\t\t\t<img loading=\"lazy\" decoding=\"async\" width=\"150\" height=\"150\" src=\"https:\/\/arhiv.cona.si\/slo\/wp-content\/uploads\/sites\/2\/2025\/06\/Foto-Matej-Tomazin-Cona-4-1-150x150.jpg\" class=\"attachment-thumbnail size-thumbnail\" alt=\"\" \/>\n\t\t\t<\/dt><\/dl><br style=\"clear: both\" \/>\n\t\t<\/div>\n\n<p><strong>Ne\u017ea Knez<\/strong> raziskuje hibridne formate, ki zdru\u017eujejo diskurzivne in poeti\u010dne principe umetni\u0161ke prakse, pri \u010demer na njih gleda kot nelo\u010dljive od vsakdanjega \u017eivljenja. Zanimajo jo odnosi in difrakcije, ki nastajajo pri strukturiranju oblik, naj gre za gibljive slike, zvok, jezik ali me\u0161ane medijske instalacije. Osredoto\u010da se na minorne, nevidne, krhke procese znotraj in skozi medijev in materialov, ki jih deli in posku\u0161a razumeti s svojo psi\u010dko Niki.<\/p>\n<p><strong>PREJ\u0160NJE IZVEDBE<\/strong><\/p>\n<p>27. 8., 19.00<br \/>\n28. 8., 19.00 (premiera)<br \/>\nspodnja postaja vzpenja\u010de na Ljubljanski grad<\/p>\n<p>Umetnica: Ne\u017ea Knez<br \/>\nZvo\u010dno svetovanje: Tetiana Khoroshun<br \/>\nFotografije dogodka: Matej Toma\u017ein<br \/>\nPrevod v angle\u0161\u010dino: Melita Sili\u010d<br \/>\n<span lang=\"DA\">Produkcija in svetovanje: Irena Pivka in Brane Zorman<br \/>\nProdukcija: Cona, 2025<\/span><\/p>\n<p>Zvo\u010dni sprehod <i>Sledim<\/i> je nastal v sodelovanju z Ministrstvom za okolje, podnebje in energijo, Agencijo Republike Slovenija za okolje. Zahvaljujemo se g. Andreju Vugi, g. Bla\u017eu \u0160teru in g. Filipu \u0160tucinu. Zahvaljujemo se tudi ge. Ivani Fura\u0107 in g. Vjeranu Magjarevi\u0107u z Dr\u017eavnega hidrometeorolo\u0161kega zavoda Hrva\u0161ke.<\/p>\n<p>Avtorica sprehoda je bila izbrana na <i>Pozivu za nove zvo\u010dne sprehode festivala TO)pot<\/i>, leta 2024.<\/p>\n<\/div>\n<div>\n<p><img loading=\"lazy\" decoding=\"async\" class=\"alignnone wp-image-10043\" src=\"https:\/\/www.steklenik.si\/wp-content\/uploads\/2025\/06\/Logo-MOPE-slo-%E7%84%8D.png\" alt=\"\" width=\"279\" height=\"80\" \/><\/p>\n<\/div>\n","protected":false},"excerpt":{"rendered":"<p>zvo\u010dni sprehod torek, 23. 9., 18.00 petek, 26. 9., 9.30 zbirno mesto: spodnja postaja vzpenja\u010de na Ljubljanski grad Zvo\u010dno potovanje po poti vremenskega balona, od vzpona do preloma.<\/p>\n","protected":false},"author":2,"featured_media":0,"comment_status":"closed","ping_status":"closed","sticky":false,"template":"","format":"standard","meta":{"footnotes":""},"categories":[1],"tags":[],"class_list":["post-2926","post","type-post","status-publish","format-standard","hentry","category-1radiocona"],"_links":{"self":[{"href":"https:\/\/arhiv.cona.si\/slo\/wp-json\/wp\/v2\/posts\/2926","targetHints":{"allow":["GET"]}}],"collection":[{"href":"https:\/\/arhiv.cona.si\/slo\/wp-json\/wp\/v2\/posts"}],"about":[{"href":"https:\/\/arhiv.cona.si\/slo\/wp-json\/wp\/v2\/types\/post"}],"author":[{"embeddable":true,"href":"https:\/\/arhiv.cona.si\/slo\/wp-json\/wp\/v2\/users\/2"}],"replies":[{"embeddable":true,"href":"https:\/\/arhiv.cona.si\/slo\/wp-json\/wp\/v2\/comments?post=2926"}],"version-history":[{"count":15,"href":"https:\/\/arhiv.cona.si\/slo\/wp-json\/wp\/v2\/posts\/2926\/revisions"}],"predecessor-version":[{"id":3078,"href":"https:\/\/arhiv.cona.si\/slo\/wp-json\/wp\/v2\/posts\/2926\/revisions\/3078"}],"wp:attachment":[{"href":"https:\/\/arhiv.cona.si\/slo\/wp-json\/wp\/v2\/media?parent=2926"}],"wp:term":[{"taxonomy":"category","embeddable":true,"href":"https:\/\/arhiv.cona.si\/slo\/wp-json\/wp\/v2\/categories?post=2926"},{"taxonomy":"post_tag","embeddable":true,"href":"https:\/\/arhiv.cona.si\/slo\/wp-json\/wp\/v2\/tags?post=2926"}],"curies":[{"name":"wp","href":"https:\/\/api.w.org\/{rel}","templated":true}]}}