{"id":2916,"date":"2025-06-06T12:53:27","date_gmt":"2025-06-06T10:53:27","guid":{"rendered":"https:\/\/arhiv.cona.si\/slo\/?p=2916"},"modified":"2025-06-06T13:09:59","modified_gmt":"2025-06-06T11:09:59","slug":"karmen-ponikvar-species-of-spaces","status":"publish","type":"post","link":"https:\/\/arhiv.cona.si\/slo\/2025\/06\/06\/karmen-ponikvar-species-of-spaces\/","title":{"rendered":"Karmen Ponikvar: Species of Spaces"},"content":{"rendered":"<p><img loading=\"lazy\" decoding=\"async\" class=\"size-thumbnail wp-image-6206 alignleft\" src=\"https:\/\/arhiv.cona.si\/wp-content\/uploads\/2025\/06\/Screenshot-2025-04-12-at-14.27.28-150x150.png\" alt=\"\" width=\"150\" height=\"150\" \/>zvo\u010dni dogodek v \u017eivo<br \/>\n8. junij 2025<br \/>\nFestival Niansa<br \/>\n<b><\/b><\/p>\n<p class=\"p1\">Ne\u017ena zvo\u010dna gesta za dobo, v kateri \u017eivimo.<\/p>\n<div><\/div>\n<p><!--more--><\/p>\n<p><a href=\"https:\/\/niansa.zone\/cona\"><strong>IZVEDITE VE\u010c<\/strong><\/a><\/p>\n<p>Performans <em>Species of Spaces<\/em> bo ne\u017eno stimuliral \u010dute skozi zvok, osredoto\u010den na krhkost zvo\u010dnih gest in bogastvo drobnih, minljivih zvo\u010dnih podrobnosti. Voden z naravnimi ritmi, fluidnimi telesi in medsebojnimi vibracijskimi lastnostmi, si prizadeva odkriti fiktivne na\u010dine razumevanja \u010dasa, v katerem \u017eivimo.<\/p>\n<p><strong>Karmen Ponikvar<\/strong> je zvo\u010dna umetnica in performerka iz Slovenije, ki \u0161tudira zvok na In\u0161titutu za sonologijo v Haagu. S poslu\u0161anjem, snemanjem in performativnimi praksami si prizadeva postaviti zvok v sredi\u0161\u010de skupne izku\u0161nje. S pomo\u010djo mikrotonalnih struktur, prostorskih imaginarijev in spekulativnih filozofij zaznave raziskuje zapletene odnose med zvokom, prostorom in krajem.<\/p>\n<p><img loading=\"lazy\" decoding=\"async\" class=\"alignnone wp-image-2919 \" src=\"https:\/\/arhiv.cona.si\/slo\/wp-content\/uploads\/sites\/2\/2025\/06\/niansalogo-web-300x69.png\" alt=\"\" width=\"157\" height=\"36\" srcset=\"https:\/\/arhiv.cona.si\/slo\/wp-content\/uploads\/sites\/2\/2025\/06\/niansalogo-web-300x69.png 300w, https:\/\/arhiv.cona.si\/slo\/wp-content\/uploads\/sites\/2\/2025\/06\/niansalogo-web-768x176.png 768w, https:\/\/arhiv.cona.si\/slo\/wp-content\/uploads\/sites\/2\/2025\/06\/niansalogo-web.png 836w\" sizes=\"auto, (max-width: 157px) 100vw, 157px\" \/><\/p>\n","protected":false},"excerpt":{"rendered":"<p>zvo\u010dni dogodek v \u017eivo 8. junij 2025 Festival Niansa Ne\u017ena zvo\u010dna gesta za dobo, v kateri \u017eivimo.<\/p>\n","protected":false},"author":2,"featured_media":0,"comment_status":"closed","ping_status":"closed","sticky":false,"template":"","format":"standard","meta":{"footnotes":""},"categories":[1],"tags":[],"class_list":["post-2916","post","type-post","status-publish","format-standard","hentry","category-1radiocona"],"_links":{"self":[{"href":"https:\/\/arhiv.cona.si\/slo\/wp-json\/wp\/v2\/posts\/2916","targetHints":{"allow":["GET"]}}],"collection":[{"href":"https:\/\/arhiv.cona.si\/slo\/wp-json\/wp\/v2\/posts"}],"about":[{"href":"https:\/\/arhiv.cona.si\/slo\/wp-json\/wp\/v2\/types\/post"}],"author":[{"embeddable":true,"href":"https:\/\/arhiv.cona.si\/slo\/wp-json\/wp\/v2\/users\/2"}],"replies":[{"embeddable":true,"href":"https:\/\/arhiv.cona.si\/slo\/wp-json\/wp\/v2\/comments?post=2916"}],"version-history":[{"count":2,"href":"https:\/\/arhiv.cona.si\/slo\/wp-json\/wp\/v2\/posts\/2916\/revisions"}],"predecessor-version":[{"id":2921,"href":"https:\/\/arhiv.cona.si\/slo\/wp-json\/wp\/v2\/posts\/2916\/revisions\/2921"}],"wp:attachment":[{"href":"https:\/\/arhiv.cona.si\/slo\/wp-json\/wp\/v2\/media?parent=2916"}],"wp:term":[{"taxonomy":"category","embeddable":true,"href":"https:\/\/arhiv.cona.si\/slo\/wp-json\/wp\/v2\/categories?post=2916"},{"taxonomy":"post_tag","embeddable":true,"href":"https:\/\/arhiv.cona.si\/slo\/wp-json\/wp\/v2\/tags?post=2916"}],"curies":[{"name":"wp","href":"https:\/\/api.w.org\/{rel}","templated":true}]}}