{"id":2825,"date":"2025-05-26T12:30:06","date_gmt":"2025-05-26T10:30:06","guid":{"rendered":"https:\/\/arhiv.cona.si\/slo\/?p=2825"},"modified":"2025-05-28T09:16:23","modified_gmt":"2025-05-28T07:16:23","slug":"birds-tea-vidmar-jure-borsic-brane-zorman-animotmuzik","status":"publish","type":"post","link":"https:\/\/arhiv.cona.si\/slo\/2025\/05\/26\/birds-tea-vidmar-jure-borsic-brane-zorman-animotmuzik\/","title":{"rendered":"ptice, Tea Vidmar, Jure Bor\u0161i\u010d, Brane Zorman: AnimotMUZIK"},"content":{"rendered":"<p style=\"text-align: left;\"><img loading=\"lazy\" decoding=\"async\" class=\"size-thumbnail wp-image-6138 alignleft\" src=\"https:\/\/arhiv.cona.si\/wp-content\/uploads\/2025\/05\/MTO0155-150x150.jpg\" alt=\"\" width=\"150\" height=\"150\" \/>Ekolo\u0161ki koncertni cikel in ornitolo\u0161ka sprehoda<br \/>\nnedelja, 25. maj, in sobota, 31. maj 2025<br \/>\nArboretum Vol\u010dji Potok in Triglavski narodni park<\/p>\n<p>Tea Vidmar (vokal) \u25cf Jure Bor\u0161i\u010d (klarinet, saksofon) \u25cf Brane Zorman (elektroakustika) v sodelovanju s pticami.<\/p>\n<p><!--more--><\/p>\n<p><strong><a href=\"https:\/\/www.arboretum.si\/dogodek\/animotmuzik-edinstveni-zoomuzikoloski-koncert\/?occurrence=2025-05-25\">Arboretum Vol\u010dji Potok<\/a>, zbor pri Boljkovi galeriji<\/strong><strong><br \/>\n<\/strong>nedelja, 25. maj 2025<br \/>\n19.00, Alenka Brada\u010d (<a href=\"https:\/\/ptice.si\/\">DOPPS<\/a>), ornitolo\u0161ko vodstvo<br \/>\n19.45, zvo\u010dni dogodek v \u017eivo<\/p>\n<p><strong><a href=\"https:\/\/www.bohinj.si\/mednarodni-festival-alpskega-cvetja\/\">Triglavski narodni park,<\/a> zbor pri Voren\u010dkojci<br \/>\n<\/strong>sobota, 31. maj 2025<br \/>\n19.45, Aleksander Kozina (<a href=\"https:\/\/ptice.si\/\">DOPPS<\/a>), ornitolo\u0161ko vodstvo<br \/>\n20.00, zvo\u010dni dogodek v \u017eivo<br \/>\n<a href=\"https:\/\/www.bohinj.si\/prireditev\/ekoloski-koncert-animotmuzik-glasbeni-dialog-med-clovekom-in-pticami\"><strong>REGISTER<\/strong><\/a><\/p>\n<p><span lang=\"EN-GB\">Skupaj z umetniki bodo nastopile: velike sinice <i>(Parus major)<\/i>, plav\u010dki <i>(Cyanistes caeruleus)<\/i>, kosi <i>(Turdus merula)<\/i>, brglezi <i>(Sitta europaea)<\/i>, \u010drnoglavke <i>(Sylvia atricapilla)<\/i>, vrabci <i>(Passer domesticus)<\/i> in \u0161\u010dinkavci <i>(Fringilla<\/i> <i>coelebs).<\/i><\/span><\/p>\n<p><iframe loading=\"lazy\" src=\"https:\/\/video.arnes.si\/embed\/x82fm0jz6q2z\" width=\"854\" height=\"480\" frameborder=\"0\" allowfullscreen=\"allowfullscreen\" data-mce-fragment=\"1\"><\/iframe><\/p>\n<div>\n<p class=\"Body\"><span lang=\"SL\">Na\u0161 odnos do narave je zaznamovan z izrazito prevlado \u010dloveka ter soo\u010danjem z neizogibnimi posledicami, ki jih tovrstno razmerje mo\u010di prina\u0161a. Antropoceni pogled na svet se do ne\u010dlove\u0161kih \u017eivali, rastlin ter celotnega okolja obna\u0161a izkori\u0161\u010devalsko, zato se diskriminacija ter zloraba naravnih okolij pojavi veliko prej kot razumevanje, sobivanje ali medvrstno sodelovanje, ki ga zagovarja strokovna in ozave\u0161\u010dena javnost. Ta \u017ee desetletja opozarja na nujnost upo\u0161tevanja ekolo\u0161kih strategij pri ohranjanju mnogovrstnosti in soodvisnosti \u017eivih organizmov. Zvo\u010dna ekologija, ki preu\u010duje odnos med zvo\u010dnostjo ljudi in na\u0161ega okolja, predstavlja pomembno prerazporeditev pozornosti na zapostavljena podro\u010dja interesa na\u0161e slu\u0161ne zaznave. Spodbuja \u010duje\u010de poslu\u0161anje okolice. Tako se prej samoumevna zvo\u010dna krajina prelevi v kompleksno, vklju\u010dujo\u010do in nenehno spreminjajo\u010do se kompozicijo med seboj enakovrednih protagonistov.<\/span><\/p>\n<p class=\"Body\">Zvoki, ki jih proizvajajo ne\u010dlove\u0161ke \u017eivali, so kompleksni. Znanstveno preu\u010devanje najve\u010dkrat nastopa z zunanje pozicije, od koder se zanima predvsem za razli\u010dne vloge in pomene, ki jih zvo\u010denje lahko ima v medsebojnem sporazumevanju \u017eivali. Pozornost umetni\u0161kega spektra se na medvrstno sporazumevanje osredoto\u010da tako, da ne zavzema zunanje pozicije, temve\u010d vstopi v prostor kot enakovreden \u010dlen in z vsemi prisotnimi posku\u0161a stopiti v dialog. \u010clovek tako postane \u010dlan zbora ptic in se nanje odziva v skladu in harmoniji, ki upo\u0161teva celosten zvo\u010dni spekter. Tovrstno ustvarjanje raziskuje medvrstna zvo\u010dna umetnost, ki temelji na ideji vklju\u010dujo\u010dega soustvarjanja \u010dloveka in ne\u010dlove\u0161kih \u017eivali. \u010clove\u0161ko sodelovanje zavestno izra\u017ea spo\u0161tovanje in enakopravnost, ne stopa v ospredje in daje prostor vsem vpletenim. Skozi ta proces se vzpostavi unikatno medvrstno sodelovanje, kjer se zvoki razli\u010dnih \u017eivljenjskih oblik prepletajo v avtenti\u010dno glasbeno izku\u0161njo.<\/p>\n<p class=\"Body\">Kot publika se tak\u0161nemu glasbenemu raziskovanju lahko v polnosti posvetimo, \u0161ele ko razumemo, da narava ni kulisa nastopajo\u010dih glasbenic in glasbenikov, temve\u010d se pred na\u0161imi o\u010dmi vzpostavlja simbioti\u010dno in so\u010dutno razmerje med \u010dlovekom in naravo. Ne kot enkraten pojav, ampak odraz stalne prisotnosti sobivanja. Tak\u0161no glasbeno izra\u017eanje temelji na improvizaciji. Stiki med nastopajo\u010dimi so nepredvidljivi, vmesni prostori sre\u010devanja pa polni naklju\u010dnosti. Fluidna postane tudi pozicija publike, saj s svojo prisotnostjo do\u017eivlja in soustvarja \u010duje\u010de in so\u010dutno vozli\u0161\u010de skupne zvo\u010dne krajine.<\/p>\n<p>Na ornitolo\u0161kem predavanju vas bosta ornitologa Alenka Brada\u010d (DOPPS) v Arboretumu Vol\u010dji Potok in Aleksander Kozina (DOPPS) v Triglavskem narodnem parku popeljala v svet ptic \u2013 skozi opazovanje in poslu\u0161anje boste spoznavali njihove navade, \u017eivljenjski prostor in zna\u010dilnosti. Predavanji bosta potekali na prostem in v gibanju, zato se oblecite primerno vremenu.<\/p>\n\n\t\t<style type=\"text\/css\">\n\t\t\t#gallery-1 {\n\t\t\t\tmargin: auto;\n\t\t\t}\n\t\t\t#gallery-1 .gallery-item {\n\t\t\t\tfloat: left;\n\t\t\t\tmargin-top: 10px;\n\t\t\t\ttext-align: center;\n\t\t\t\twidth: 25%;\n\t\t\t}\n\t\t\t#gallery-1 img {\n\t\t\t\tborder: 2px solid #cfcfcf;\n\t\t\t}\n\t\t\t#gallery-1 .gallery-caption {\n\t\t\t\tmargin-left: 0;\n\t\t\t}\n\t\t\t\/* see gallery_shortcode() in wp-includes\/media.php *\/\n\t\t<\/style>\n\t\t<div id='gallery-1' class='gallery galleryid-2825 gallery-columns-4 gallery-size-thumbnail'><dl class='gallery-item'>\n\t\t\t<dt class='gallery-icon landscape'>\n\t\t\t\t<img loading=\"lazy\" decoding=\"async\" width=\"150\" height=\"150\" src=\"https:\/\/arhiv.cona.si\/slo\/wp-content\/uploads\/sites\/2\/2025\/05\/MTO0028-150x150.jpg\" class=\"attachment-thumbnail size-thumbnail\" alt=\"\" \/>\n\t\t\t<\/dt><\/dl><dl class='gallery-item'>\n\t\t\t<dt class='gallery-icon landscape'>\n\t\t\t\t<img loading=\"lazy\" decoding=\"async\" width=\"150\" height=\"150\" src=\"https:\/\/arhiv.cona.si\/slo\/wp-content\/uploads\/sites\/2\/2025\/05\/MTO0093-150x150.jpg\" class=\"attachment-thumbnail size-thumbnail\" alt=\"\" \/>\n\t\t\t<\/dt><\/dl><dl class='gallery-item'>\n\t\t\t<dt class='gallery-icon landscape'>\n\t\t\t\t<img loading=\"lazy\" decoding=\"async\" width=\"150\" height=\"150\" src=\"https:\/\/arhiv.cona.si\/slo\/wp-content\/uploads\/sites\/2\/2025\/05\/MTO0130-150x150.jpg\" class=\"attachment-thumbnail size-thumbnail\" alt=\"\" \/>\n\t\t\t<\/dt><\/dl><dl class='gallery-item'>\n\t\t\t<dt class='gallery-icon portrait'>\n\t\t\t\t<img loading=\"lazy\" decoding=\"async\" width=\"150\" height=\"150\" src=\"https:\/\/arhiv.cona.si\/slo\/wp-content\/uploads\/sites\/2\/2025\/05\/MTO9955-150x150.jpg\" class=\"attachment-thumbnail size-thumbnail\" alt=\"\" \/>\n\t\t\t<\/dt><\/dl><br style=\"clear: both\" \/><dl class='gallery-item'>\n\t\t\t<dt class='gallery-icon portrait'>\n\t\t\t\t<img loading=\"lazy\" decoding=\"async\" width=\"150\" height=\"150\" src=\"https:\/\/arhiv.cona.si\/slo\/wp-content\/uploads\/sites\/2\/2025\/05\/MTO0009-150x150.jpg\" class=\"attachment-thumbnail size-thumbnail\" alt=\"\" \/>\n\t\t\t<\/dt><\/dl><dl class='gallery-item'>\n\t\t\t<dt class='gallery-icon landscape'>\n\t\t\t\t<img loading=\"lazy\" decoding=\"async\" width=\"150\" height=\"150\" src=\"https:\/\/arhiv.cona.si\/slo\/wp-content\/uploads\/sites\/2\/2025\/05\/MTO0142-150x150.jpg\" class=\"attachment-thumbnail size-thumbnail\" alt=\"\" \/>\n\t\t\t<\/dt><\/dl><dl class='gallery-item'>\n\t\t\t<dt class='gallery-icon portrait'>\n\t\t\t\t<img loading=\"lazy\" decoding=\"async\" width=\"150\" height=\"150\" src=\"https:\/\/arhiv.cona.si\/slo\/wp-content\/uploads\/sites\/2\/2025\/05\/MTO9969-150x150.jpg\" class=\"attachment-thumbnail size-thumbnail\" alt=\"\" \/>\n\t\t\t<\/dt><\/dl><dl class='gallery-item'>\n\t\t\t<dt class='gallery-icon portrait'>\n\t\t\t\t<img loading=\"lazy\" decoding=\"async\" width=\"150\" height=\"150\" src=\"https:\/\/arhiv.cona.si\/slo\/wp-content\/uploads\/sites\/2\/2025\/05\/MTO9974-150x150.jpg\" class=\"attachment-thumbnail size-thumbnail\" alt=\"\" \/>\n\t\t\t<\/dt><\/dl><br style=\"clear: both\" \/>\n\t\t<\/div>\n\n<p class=\"Body\"><strong><a href=\"http:\/\/www.centralala.si\/tea-vidmar-o-vzgibih-razlogih-inspiraciji-in-postopkih-video-intervju\/\">Tea Vidmar<\/a> <\/strong>je samozaposlena v kulturi kot pedagoginja, performerka in pevka. Deluje na podro\u010dju uli\u010dnega in glasbenega gledali\u0161\u010da, glasbe in vokalnih performansov, ustvarja pa tudi glasbo za pripovedovanja, lutkovno in plesno gledali\u0161\u010de. Veliko sodeluje z Gledali\u0161\u010dem Ane Monro.<\/p>\n<p class=\"Body\"><strong><a href=\"https:\/\/www.facebook.com\/bomba.naletalu\">Jure Bor\u0161i\u010d<\/a><\/strong> je saksofonist in klarinetist mlaj\u0161e generacije, delujo\u010d med Ljubljano in Novo Gorico. Aktiven je predvsem v prosto-jazzovskih, eksperimentalnih in alternativnih vodah, v zadnjem \u010dasu vse pogosteje tudi pri organizaciji tovrstnih dogodkov.<\/p>\n<p class=\"Body\"><strong><a href=\"https:\/\/www.branezorman.si\/\">Brane Zorman<\/a><\/strong> je intermedijski umetnik, skladatelj, zvo\u010dni manipulator, producent in kurator. Zvo\u010dna dela komponira za gledali\u0161ke, intermedijske in plesne predstave.<\/p>\n<p><strong>Velika sinica (<i>Parus major<\/i>)<\/strong> Razpoznavna pevka slovenskih gozdov, vrtov in parkov. Odlikuje jo prilagodljivost, kompleksno ogla\u0161anje in visoka stopnja kognitivne spretnosti.<\/p>\n<p><strong>Plav\u010dek (<i>Cyanistes caeruleus<\/i>)<\/strong> Majhna sinica s prepoznavnim modro-rumenim perjem. Znana po spretnosti pri iskanju hrane in izraziti vokalni raznolikosti.<\/p>\n<p><strong>Kos (<i>Turdus merula<\/i>)<\/strong> Pevski specialist z izrazito melodi\u010dnim in individualiziranim ogla\u0161anjem. Ena najpogostej\u0161ih ptic kulturne krajine v Sloveniji.<\/p>\n<p><strong>Brglez (<i>Sitta europaea<\/i>)<\/strong> Edina evropska ptica, ki zmore plezati navzdol po deblu. Ogla\u0161a se s kovinskimi \u017evi\u017egi in je pomemben glasbeni element gozdne zvo\u010dne krajine.<\/p>\n<p><strong>\u010crnoglavka (<i>Sylvia atricapilla<\/i>)<\/strong> Pevec z bogatim vokalnim repertoarjem, znan po melodi\u010dnih in improviziranih frazah. Pogosta v listnatih gozdovih in grmi\u0161\u010dih.<\/p>\n<p><strong>Vrabec (<i>Passer domesticus<\/i>)<\/strong> Izrazito socialna vrsta, tesno povezana s \u010dlove\u0161kimi naselji. Komunicira s kratkimi, ritmi\u010dnimi klici v skupinskih interakcijah.<\/p>\n<p><strong>\u0160\u010dinkavec (<i>Fringilla coelebs<\/i>)<\/strong> Teritorialen pevec z zna\u010dilnim, utripajo\u010dim napevom. Pogost predstavnik gozdnih in kulturnih habitatov po vsej Sloveniji.<\/p>\n<p class=\"Body\">Projekt podpirata Ministrstvo za kulturo Republike Slovenija in Mestna ob\u010dina Ljubljana, Oddelek za kulturo.<\/p>\n<p class=\"Body\"><strong>KOLOFON<br \/>\n<\/strong>Umetnice_ki: ptice (velike sinice [<em>Parus major<\/em>], plav\u010dki [<em>Cyanistes caeruleus<\/em>], kosi [<em>Turdus merula<\/em>], brglezi [<em>Sitta europaea<\/em>], \u010drnoglavke [<em>Sylvia atricapilla<\/em>], vrabci [<em>Passer domesticus<\/em>], \u0161\u010dinkavci [<em>Fringilla coelebs<\/em>]), Tea Vidmar (vokal), Jure Bor\u0161i\u010d (klarinet, saksofon), Brane Zorman (elektroakustika)<br \/>\nIdejna zasnova izvornega zvo\u010dnega cikla: Katarina Radaljac<br \/>\nOrnitolo\u0161ki vodstvi: Alenka Brada\u010d, Aleksander Kozina (<a href=\"https:\/\/ptice.si\/\">DOPPS<\/a>)<br \/>\nOrganizacija: Irena Pivka (Cona), Ur\u0161ka Golob in Franciska Tan (Turizem Bled), Anja Marin\u0161ek (Arboretum Vol\u010dji Potok)<br \/>\nOdnosi z javnostmi, video in fotografija: Matej Toma\u017ein (Cona), Anja Marin\u0161ek (Arboretum Vol\u010dji Potok), Franciska Tan (Turizem Bled)<br \/>\nProdukcija: Cona, zavod za procesiranje sodobne umetnosti, 2025<br \/>\nPartnerji projekta: <a href=\"https:\/\/www.arboretum.si\/\">Arboretum Vol\u010dji Potok<\/a> in <a href=\"https:\/\/www.bohinj.si\/mednarodni-festival-alpskega-cvetja\/\">Turizem Bohinj<\/a><\/p>\n<p><img loading=\"lazy\" decoding=\"async\" class=\"alignnone wp-image-9787\" src=\"https:\/\/www.steklenik.si\/wp-content\/uploads\/2025\/04\/Banner-1.png\" alt=\"\" width=\"451\" height=\"65\" \/>\u00a0 \u00a0 \u00a0 \u00a0<img loading=\"lazy\" decoding=\"async\" class=\"alignnone wp-image-6163 \" src=\"https:\/\/arhiv.cona.si\/wp-content\/uploads\/2025\/05\/Ministrstvo-za-kulturo-Brez-ozadja-1024x156.png\" alt=\"\" width=\"244\" height=\"37\" \/><\/p>\n<\/div>\n","protected":false},"excerpt":{"rendered":"<p>Ekolo\u0161ki koncertni cikel in ornitolo\u0161ka sprehoda nedelja, 25. maj, in sobota, 31. maj 2025 Arboretum Vol\u010dji Potok in Triglavski narodni park Tea Vidmar (vokal) \u25cf Jure Bor\u0161i\u010d (klarinet, saksofon) \u25cf Brane Zorman (elektroakustika) v sodelovanju s pticami.<\/p>\n","protected":false},"author":2,"featured_media":0,"comment_status":"closed","ping_status":"closed","sticky":false,"template":"","format":"standard","meta":{"footnotes":""},"categories":[1],"tags":[],"class_list":["post-2825","post","type-post","status-publish","format-standard","hentry","category-1radiocona"],"_links":{"self":[{"href":"https:\/\/arhiv.cona.si\/slo\/wp-json\/wp\/v2\/posts\/2825","targetHints":{"allow":["GET"]}}],"collection":[{"href":"https:\/\/arhiv.cona.si\/slo\/wp-json\/wp\/v2\/posts"}],"about":[{"href":"https:\/\/arhiv.cona.si\/slo\/wp-json\/wp\/v2\/types\/post"}],"author":[{"embeddable":true,"href":"https:\/\/arhiv.cona.si\/slo\/wp-json\/wp\/v2\/users\/2"}],"replies":[{"embeddable":true,"href":"https:\/\/arhiv.cona.si\/slo\/wp-json\/wp\/v2\/comments?post=2825"}],"version-history":[{"count":6,"href":"https:\/\/arhiv.cona.si\/slo\/wp-json\/wp\/v2\/posts\/2825\/revisions"}],"predecessor-version":[{"id":2890,"href":"https:\/\/arhiv.cona.si\/slo\/wp-json\/wp\/v2\/posts\/2825\/revisions\/2890"}],"wp:attachment":[{"href":"https:\/\/arhiv.cona.si\/slo\/wp-json\/wp\/v2\/media?parent=2825"}],"wp:term":[{"taxonomy":"category","embeddable":true,"href":"https:\/\/arhiv.cona.si\/slo\/wp-json\/wp\/v2\/categories?post=2825"},{"taxonomy":"post_tag","embeddable":true,"href":"https:\/\/arhiv.cona.si\/slo\/wp-json\/wp\/v2\/tags?post=2825"}],"curies":[{"name":"wp","href":"https:\/\/api.w.org\/{rel}","templated":true}]}}