{"id":2765,"date":"2025-05-21T10:47:08","date_gmt":"2025-05-21T08:47:08","guid":{"rendered":"https:\/\/arhiv.cona.si\/slo\/?p=2765"},"modified":"2025-11-26T10:16:41","modified_gmt":"2025-11-26T08:16:41","slug":"cona-v-triglavskem-narodnem-parku","status":"publish","type":"post","link":"https:\/\/arhiv.cona.si\/slo\/2025\/05\/21\/cona-v-triglavskem-narodnem-parku\/","title":{"rendered":"CONA v Triglavskem narodnem parku"},"content":{"rendered":"<p><img loading=\"lazy\" decoding=\"async\" class=\"size-thumbnail wp-image-6069 alignleft\" src=\"https:\/\/arhiv.cona.si\/wp-content\/uploads\/2025\/04\/123-150x150.jpg\" alt=\"\" width=\"150\" height=\"150\" \/>29.\u201331. maj 2025<br \/>\n<a href=\"https:\/\/www.bohinj.si\/mednarodni-festival-alpskega-cvetja\/\">Bohinj<\/a><b><\/b><\/p>\n<p>Predstavljamo \u0161tiri projekte, ki z razli\u010dnimi pristopi raziskujejo povezave med naravo, zvokom in \u010dlove\u0161ko izku\u0161njo.<\/p>\n<p><!--more--><\/p>\n<p><a href=\"https:\/\/www.steklenik.si\/brane-zorman-duh-dreves\/\"><strong>Brane Zorman: <\/strong><em><strong>Duh dreves | Dotik<\/strong><\/em><\/a><br \/>\nzvo\u010dni dogodek preko ambisoni\u010dnih slu\u0161alk<br \/>\n29. maj 2025, ob 20.00<br \/>\nSori\u0161ka planina<\/p>\n\n\t\t<style>\n\t\t\t#gallery-1 {\n\t\t\t\tmargin: auto;\n\t\t\t}\n\t\t\t#gallery-1 .gallery-item {\n\t\t\t\tfloat: left;\n\t\t\t\tmargin-top: 10px;\n\t\t\t\ttext-align: center;\n\t\t\t\twidth: 20%;\n\t\t\t}\n\t\t\t#gallery-1 img {\n\t\t\t\tborder: 2px solid #cfcfcf;\n\t\t\t}\n\t\t\t#gallery-1 .gallery-caption {\n\t\t\t\tmargin-left: 0;\n\t\t\t}\n\t\t\t\/* see gallery_shortcode() in wp-includes\/media.php *\/\n\t\t<\/style>\n\t\t<div id='gallery-1' class='gallery galleryid-2765 gallery-columns-5 gallery-size-thumbnail'><dl class='gallery-item'>\n\t\t\t<dt class='gallery-icon landscape'>\n\t\t\t\t<img loading=\"lazy\" decoding=\"async\" width=\"150\" height=\"150\" src=\"https:\/\/arhiv.cona.si\/slo\/wp-content\/uploads\/sites\/2\/2025\/05\/Foto-Matej-Tomazin-Cona-24-150x150.jpg\" class=\"attachment-thumbnail size-thumbnail\" alt=\"\" \/>\n\t\t\t<\/dt><\/dl><dl class='gallery-item'>\n\t\t\t<dt class='gallery-icon landscape'>\n\t\t\t\t<img loading=\"lazy\" decoding=\"async\" width=\"150\" height=\"150\" src=\"https:\/\/arhiv.cona.si\/slo\/wp-content\/uploads\/sites\/2\/2025\/05\/Foto-Matej-Tomazin-Cona-8-150x150.jpg\" class=\"attachment-thumbnail size-thumbnail\" alt=\"\" \/>\n\t\t\t<\/dt><\/dl><dl class='gallery-item'>\n\t\t\t<dt class='gallery-icon landscape'>\n\t\t\t\t<img loading=\"lazy\" decoding=\"async\" width=\"150\" height=\"150\" src=\"https:\/\/arhiv.cona.si\/slo\/wp-content\/uploads\/sites\/2\/2025\/05\/Foto-Matej-Tomazin-Cona-27-150x150.jpg\" class=\"attachment-thumbnail size-thumbnail\" alt=\"\" \/>\n\t\t\t<\/dt><\/dl><dl class='gallery-item'>\n\t\t\t<dt class='gallery-icon landscape'>\n\t\t\t\t<img loading=\"lazy\" decoding=\"async\" width=\"150\" height=\"150\" src=\"https:\/\/arhiv.cona.si\/slo\/wp-content\/uploads\/sites\/2\/2025\/05\/Foto-Matej-Tomazin-Cona-26-150x150.jpg\" class=\"attachment-thumbnail size-thumbnail\" alt=\"\" \/>\n\t\t\t<\/dt><\/dl><dl class='gallery-item'>\n\t\t\t<dt class='gallery-icon landscape'>\n\t\t\t\t<img loading=\"lazy\" decoding=\"async\" width=\"150\" height=\"150\" src=\"https:\/\/arhiv.cona.si\/slo\/wp-content\/uploads\/sites\/2\/2025\/05\/Foto-Matej-Tomazin-Cona-25-150x150.jpg\" class=\"attachment-thumbnail size-thumbnail\" alt=\"\" \/>\n\t\t\t<\/dt><\/dl><br style=\"clear: both\" \/>\n\t\t<\/div>\n\n<p style=\"font-weight: 400;\">Zvo\u010dno delo spekulira o zvo\u010dni komponenti \u017eivljenja dreves in prevpra\u0161uje preplet posameznega dela rastline s kolonijo organizmov in skupnostjo gozda. Zvo\u010dni posnetki dajejo glas \u017eivljenju drevesa v njegovem letnem in \u017eivljenjskem ciklu, ki se za\u010dne in kon\u010da s ti\u0161ino. Ti\u0161ino pred spomladanskim pretokom drevesnih sokov in ti\u0161ino po uni\u010denju zaradi klimatskih sprememb, su\u0161e, po\u017earov. Avtor namenja posebno pozornost dotiku drevesa; kot obliki skrbi in zavedanja sobivanja z rastlinami in na drugi strani destruktivnemu dotiku okoljskega uni\u010denja. Od zvokov dotikanja debla, drgnjenja vej, drobljenja odpadlega lubja, listov, vetra v kro\u0161njah, vode, ki napaja korenine, avtor zvo\u010dno prehaja skozi fizi\u010dni obstoj drevesa. Vse tja do lomljenja vej, podiranja dreves in ognja, ki kot opozorilo pred prihajajo\u010do su\u0161o grobo zare\u017ee v habitat gozda. Skladba s posnetimi in obdelanimi zvoki dreves, ki nastajajo tako znotraj samega organizma kot tudi ob dotiku \u010dloveka in okolja, ustvarja \u010dustveno in dramati\u010dno glasbeno fabulo, nabito z naravnimi in oja\u010danimi zvoki, ki se energi\u010dno spajajo in prepletajo. Dinami\u010dna osemkanalna prostorska postavitev vsrka poslu\u0161alca v sredi\u0161\u010de zvo\u010dnega dogajanja. Brane Zorman je z delom <em>Duh dreves I Dotik<\/em> med tremi prejemniki<a href=\"https:\/\/www.rtvslo.si\/kultura\/glasba\/brane-zorman-z-bioakusticnim-delom-med-tremi-prejemniki-nagrade-palma-ars-acustica\/629891\"> nagrade Palma Ars Acustica 2022<\/a>.<\/p>\n<p><a href=\"https:\/\/www.branezorman.si\"><strong>Brane Zorman<\/strong><\/a> je skladatelj, zvo\u010dni in intermedijski umetnik, zvo\u010dni manipulator, producent in kurator. Zvo\u010dna dela komponira za gledali\u0161ke, intermedijske in plesne predstave. V odnosu do zvoka in prostora razvija razli\u010dne strategije, tehnike, dinami\u010dne in interaktivne module, snema in reinterpretira zvo\u010dne krajine in z uporabo sofisticiranih orodij kreira elektronske in akusti\u010dne zvo\u010dne skulpture.<\/p>\n<p>\u2e3b<\/p>\n<p><a href=\"https:\/\/www.bohinj.si\/prireditev\/a-l-j-a-sound-tuning-zvocna-kopel\/\"><strong>a l l j a: <em>Zvo\u010dna meditacija<\/em><\/strong><\/a><br \/>\nzvo\u010dna meditacija<br \/>\n30. maj 2025, ob 8.45<br \/>\nzbirno mesto: Ukanc<\/p>\n\n\t\t<style>\n\t\t\t#gallery-2 {\n\t\t\t\tmargin: auto;\n\t\t\t}\n\t\t\t#gallery-2 .gallery-item {\n\t\t\t\tfloat: left;\n\t\t\t\tmargin-top: 10px;\n\t\t\t\ttext-align: center;\n\t\t\t\twidth: 20%;\n\t\t\t}\n\t\t\t#gallery-2 img {\n\t\t\t\tborder: 2px solid #cfcfcf;\n\t\t\t}\n\t\t\t#gallery-2 .gallery-caption {\n\t\t\t\tmargin-left: 0;\n\t\t\t}\n\t\t\t\/* see gallery_shortcode() in wp-includes\/media.php *\/\n\t\t<\/style>\n\t\t<div id='gallery-2' class='gallery galleryid-2765 gallery-columns-5 gallery-size-thumbnail'><dl class='gallery-item'>\n\t\t\t<dt class='gallery-icon landscape'>\n\t\t\t\t<img loading=\"lazy\" decoding=\"async\" width=\"150\" height=\"150\" src=\"https:\/\/arhiv.cona.si\/slo\/wp-content\/uploads\/sites\/2\/2025\/05\/Foto-Matej-Tomazin-Cona-150x150.jpg\" class=\"attachment-thumbnail size-thumbnail\" alt=\"\" \/>\n\t\t\t<\/dt><\/dl><dl class='gallery-item'>\n\t\t\t<dt class='gallery-icon landscape'>\n\t\t\t\t<img loading=\"lazy\" decoding=\"async\" width=\"150\" height=\"150\" src=\"https:\/\/arhiv.cona.si\/slo\/wp-content\/uploads\/sites\/2\/2025\/05\/Foto-Matej-Tomazin-Cona-16-150x150.jpg\" class=\"attachment-thumbnail size-thumbnail\" alt=\"\" \/>\n\t\t\t<\/dt><\/dl><dl class='gallery-item'>\n\t\t\t<dt class='gallery-icon landscape'>\n\t\t\t\t<img loading=\"lazy\" decoding=\"async\" width=\"150\" height=\"150\" src=\"https:\/\/arhiv.cona.si\/slo\/wp-content\/uploads\/sites\/2\/2025\/05\/Foto-Matej-Tomazin-Cona-47-150x150.jpg\" class=\"attachment-thumbnail size-thumbnail\" alt=\"\" \/>\n\t\t\t<\/dt><\/dl><dl class='gallery-item'>\n\t\t\t<dt class='gallery-icon landscape'>\n\t\t\t\t<img loading=\"lazy\" decoding=\"async\" width=\"150\" height=\"150\" src=\"https:\/\/arhiv.cona.si\/slo\/wp-content\/uploads\/sites\/2\/2025\/05\/Foto-Matej-Tomazin-Cona-51-150x150.jpg\" class=\"attachment-thumbnail size-thumbnail\" alt=\"\" \/>\n\t\t\t<\/dt><\/dl><dl class='gallery-item'>\n\t\t\t<dt class='gallery-icon landscape'>\n\t\t\t\t<img loading=\"lazy\" decoding=\"async\" width=\"150\" height=\"150\" src=\"https:\/\/arhiv.cona.si\/slo\/wp-content\/uploads\/sites\/2\/2025\/05\/Foto-Matej-Tomazin-Cona-32-150x150.jpg\" class=\"attachment-thumbnail size-thumbnail\" alt=\"\" \/>\n\t\t\t<\/dt><\/dl><br style=\"clear: both\" \/>\n\t\t<\/div>\n\n<p style=\"font-weight: 400;\">Zvo\u010dna meditaciji s terapevtskimi zvo\u010dili in petjem v naravnem okolju Bohinjskega jezera, udele\u017eence le\u017ee popelje v globoko poslu\u0161anje, spro\u0161\u010danje in uglasitev z okoli\u0161ko naravo.<\/p>\n<p><a href=\"https:\/\/www.aljapetric.com\/about\/\"><strong>a l l j a [Alja Petric]<\/strong><\/a> kot pevka, pedagoginja in vsestranska raziskovalka posve\u010da svoje \u017eivljenje raziskovanju glasbene umetnosti, vodenju individualnih in skupinskih zvokovno-vokalnih delavnic ter terapevtskem delu z zvokom. Navdih za umetni\u0161ko ustvarjanje i\u0161\u010de v zvo\u010dnih krajinah narave in vsakodnevnem urbanem \u017eivljenju prestolnice.<\/p>\n<p>\u2e3b<\/p>\n<p><strong><a href=\"https:\/\/www.bohinj.si\/prireditev\/poslusati-s-travniki-zvocni-sprehod-z-ireno-pivka\/\">Irena Pivka:<\/a> <a href=\"https:\/\/www.bohinj.si\/prireditev\/poslusati-s-travniki-zvocni-sprehod-z-ireno-pivka\/\"><em>Poslu\u0161ati-s travniki<\/em><\/a><\/strong><br \/>\nzvo\u010dni sprehod<br \/>\n31. maj 2025, ob 8.00<br \/>\nzbirno mesto: parkiri\u0161\u010de Vegelj<\/p>\n\n\t\t<style>\n\t\t\t#gallery-3 {\n\t\t\t\tmargin: auto;\n\t\t\t}\n\t\t\t#gallery-3 .gallery-item {\n\t\t\t\tfloat: left;\n\t\t\t\tmargin-top: 10px;\n\t\t\t\ttext-align: center;\n\t\t\t\twidth: 20%;\n\t\t\t}\n\t\t\t#gallery-3 img {\n\t\t\t\tborder: 2px solid #cfcfcf;\n\t\t\t}\n\t\t\t#gallery-3 .gallery-caption {\n\t\t\t\tmargin-left: 0;\n\t\t\t}\n\t\t\t\/* see gallery_shortcode() in wp-includes\/media.php *\/\n\t\t<\/style>\n\t\t<div id='gallery-3' class='gallery galleryid-2765 gallery-columns-5 gallery-size-thumbnail'><dl class='gallery-item'>\n\t\t\t<dt class='gallery-icon landscape'>\n\t\t\t\t<img loading=\"lazy\" decoding=\"async\" width=\"150\" height=\"150\" src=\"https:\/\/arhiv.cona.si\/slo\/wp-content\/uploads\/sites\/2\/2025\/05\/Foto-Matej-Tomazin-Cona-45-150x150.jpg\" class=\"attachment-thumbnail size-thumbnail\" alt=\"\" \/>\n\t\t\t<\/dt><\/dl><dl class='gallery-item'>\n\t\t\t<dt class='gallery-icon landscape'>\n\t\t\t\t<img loading=\"lazy\" decoding=\"async\" width=\"150\" height=\"150\" src=\"https:\/\/arhiv.cona.si\/slo\/wp-content\/uploads\/sites\/2\/2025\/05\/Foto-Matej-Tomazin-Cona-40-150x150.jpg\" class=\"attachment-thumbnail size-thumbnail\" alt=\"\" \/>\n\t\t\t<\/dt><\/dl><dl class='gallery-item'>\n\t\t\t<dt class='gallery-icon landscape'>\n\t\t\t\t<img loading=\"lazy\" decoding=\"async\" width=\"150\" height=\"150\" src=\"https:\/\/arhiv.cona.si\/slo\/wp-content\/uploads\/sites\/2\/2025\/05\/Foto-Matej-Tomazin-Cona-47-1-150x150.jpg\" class=\"attachment-thumbnail size-thumbnail\" alt=\"\" \/>\n\t\t\t<\/dt><\/dl><dl class='gallery-item'>\n\t\t\t<dt class='gallery-icon landscape'>\n\t\t\t\t<img loading=\"lazy\" decoding=\"async\" width=\"150\" height=\"150\" src=\"https:\/\/arhiv.cona.si\/slo\/wp-content\/uploads\/sites\/2\/2025\/05\/Foto-Matej-Tomazin-Cona-26-1-150x150.jpg\" class=\"attachment-thumbnail size-thumbnail\" alt=\"\" \/>\n\t\t\t<\/dt><\/dl><dl class='gallery-item'>\n\t\t\t<dt class='gallery-icon landscape'>\n\t\t\t\t<img loading=\"lazy\" decoding=\"async\" width=\"150\" height=\"150\" src=\"https:\/\/arhiv.cona.si\/slo\/wp-content\/uploads\/sites\/2\/2025\/05\/Foto-Matej-Tomazin-Cona-38-150x150.jpg\" class=\"attachment-thumbnail size-thumbnail\" alt=\"\" \/>\n\t\t\t<\/dt><\/dl><br style=\"clear: both\" \/>\n\t\t<\/div>\n\n<p style=\"font-weight: 400;\"><em>Poslu\u0161ati-s travniki<\/em> je zvo\u010dni sprehod, ki udele\u017eence usmerja k zavestnemu in aktivnemu poslu\u0161anju narave. Osredoto\u010da se na zvoke mo\u017enih ostankov divje narave znotraj kulturne krajine Bohinjskega jezera in njegove okolice. Sprehod predstavlja klasi\u010dno obliko zvo\u010dnega raziskovanja, kjer se u\u0161esa usmerijo na zvoke okolice kot na edinstveno kompozicijo. Aktivno poslu\u0161anje omogo\u010da bolj\u0161i stik z naravnim prostorom, po katerem se gibljemo. Med sprehodom boste prisluhnili zvokom \u017eu\u017eelk, ptic, rastlin in drugih skritih zvokov narave, ki pogosto ostanejo neopa\u017eeni.<\/p>\n<p><a href=\"https:\/\/www.irenapivka.si\"><strong>Irena Pivka<\/strong><\/a> umetnica in producentka, deluje na \u0161irokem polju umetni\u0161kega ustvarjanja v okviru zavoda Cona in vodi Steklenik, galerijo za zvok, bioakustiko in umetnost. Avtorica se v zadnjih letih ukvarja predvsem s projekti, ki osvetljujejo navezo kraj\u2013zvok\u2013zemljevid\u2013digitalno orodje. Razvijajo\u010de umetni\u0161ke izraze osredoto\u010da na zvo\u010dno-geolokacijske predstave, v katerih s hojo in poslu\u0161anjem \u2018druga\u010dnih\u2019 zvo\u010dnih krajin s soavtorjem Branetom Zormanom prostor uglasita z dru\u017ebeno realnostjo.<\/p>\n<p>\u2e3b<\/p>\n<p><a href=\"https:\/\/www.steklenik.si\/animotmuzik-2025\/\"><strong>ptice, Tea Vidmar, Jure Bor\u0161i\u010d, Brane Zorman: <\/strong><em><strong>AnimotMUZIK<\/strong><\/em><\/a><br \/>\nekolo\u0161ki koncertni cikel in ornitolo\u0161ko vodstvo<br \/>\n31. maj 2025, ob 19.45 (vodstvo) in ob 20.00 (koncert)<br \/>\nzbirno mesto: Voren\u010dkojca<\/p>\n\n\t\t<style>\n\t\t\t#gallery-4 {\n\t\t\t\tmargin: auto;\n\t\t\t}\n\t\t\t#gallery-4 .gallery-item {\n\t\t\t\tfloat: left;\n\t\t\t\tmargin-top: 10px;\n\t\t\t\ttext-align: center;\n\t\t\t\twidth: 20%;\n\t\t\t}\n\t\t\t#gallery-4 img {\n\t\t\t\tborder: 2px solid #cfcfcf;\n\t\t\t}\n\t\t\t#gallery-4 .gallery-caption {\n\t\t\t\tmargin-left: 0;\n\t\t\t}\n\t\t\t\/* see gallery_shortcode() in wp-includes\/media.php *\/\n\t\t<\/style>\n\t\t<div id='gallery-4' class='gallery galleryid-2765 gallery-columns-5 gallery-size-thumbnail'><dl class='gallery-item'>\n\t\t\t<dt class='gallery-icon portrait'>\n\t\t\t\t<img loading=\"lazy\" decoding=\"async\" width=\"150\" height=\"150\" src=\"https:\/\/arhiv.cona.si\/slo\/wp-content\/uploads\/sites\/2\/2025\/05\/Foto-Matej-Tomazin-Cona-16-1-150x150.jpg\" class=\"attachment-thumbnail size-thumbnail\" alt=\"\" \/>\n\t\t\t<\/dt><\/dl><dl class='gallery-item'>\n\t\t\t<dt class='gallery-icon portrait'>\n\t\t\t\t<img loading=\"lazy\" decoding=\"async\" width=\"150\" height=\"150\" src=\"https:\/\/arhiv.cona.si\/slo\/wp-content\/uploads\/sites\/2\/2025\/05\/Foto-Matej-Tomazin-Cona-31-150x150.jpg\" class=\"attachment-thumbnail size-thumbnail\" alt=\"\" \/>\n\t\t\t<\/dt><\/dl><dl class='gallery-item'>\n\t\t\t<dt class='gallery-icon landscape'>\n\t\t\t\t<img loading=\"lazy\" decoding=\"async\" width=\"150\" height=\"150\" src=\"https:\/\/arhiv.cona.si\/slo\/wp-content\/uploads\/sites\/2\/2025\/05\/Foto-Matej-Tomazin-Cona-21-150x150.jpg\" class=\"attachment-thumbnail size-thumbnail\" alt=\"\" \/>\n\t\t\t<\/dt><\/dl><dl class='gallery-item'>\n\t\t\t<dt class='gallery-icon portrait'>\n\t\t\t\t<img loading=\"lazy\" decoding=\"async\" width=\"150\" height=\"150\" src=\"https:\/\/arhiv.cona.si\/slo\/wp-content\/uploads\/sites\/2\/2025\/05\/Foto-Matej-Tomazin-Cona-28-150x150.jpg\" class=\"attachment-thumbnail size-thumbnail\" alt=\"\" \/>\n\t\t\t<\/dt><\/dl><dl class='gallery-item'>\n\t\t\t<dt class='gallery-icon landscape'>\n\t\t\t\t<img loading=\"lazy\" decoding=\"async\" width=\"150\" height=\"150\" src=\"https:\/\/arhiv.cona.si\/slo\/wp-content\/uploads\/sites\/2\/2025\/05\/Foto-Matej-Tomazin-Cona-34-150x150.jpg\" class=\"attachment-thumbnail size-thumbnail\" alt=\"\" \/>\n\t\t\t<\/dt><\/dl><br style=\"clear: both\" \/>\n\t\t<\/div>\n\n<p style=\"font-weight: 400;\"><em>AnimotMUZIK<\/em> je koncertni cikel, ki se odvija v parkih in vrtovih \u0161irom Slovenije. Povabljene glasbenice in glasbeniki nastopajo v naravnih okoljih, katerih zvok ne\u010dlove\u0161kih \u017eivali postane partitura ali inspiracija za njihovo ustvarjanje. Koncept cikla <em>temelji <\/em>na neposredni medvrstni glasbeni improvizaciji med \u010dlovekom in drugimi ne\u010dlove\u0161kimi \u017eivalskimi vrstami.<\/p>\n<p style=\"font-weight: 400;\">Cikel sloni na prevpra\u0161evanju uveljavljenih na\u010dinov glasbenega izra\u017eanja, publiko pa vabi k \u010duje\u010dnem poslu\u0161anju. S poudarkom na poglobljenem do\u017eivljanju zvo\u010dnih pokrajin \u0161iri zavedanje o pomenu narave za \u010dlove\u0161ko kulturo ter poudarja njen vpliv na umetni\u0161ko ustvarjanje. Naslavlja vklju\u010dujo\u010do, so\u010dutno in zvo\u010dno bogato mo\u017eno prihodnost, kjer pojem glasbe ni omejen v okvire antropocenega razmi\u0161ljanja.<\/p>\n<p><a href=\"http:\/\/www.centralala.si\/tea-vidmar-o-vzgibih-razlogih-inspiraciji-in-postopkih-video-intervju\/\"><strong>Tea Vidmar<\/strong><\/a> je samozaposlena v kulturi kot pedagoginja, performerka in pevka. Deluje na podro\u010dju uli\u010dnega in glasbenega gledali\u0161\u010da, glasbe in vokalnih performansov, ustvarja pa tudi glasbo za pripovedovanja, lutkovno in plesno gledali\u0161\u010de. Veliko sodeluje z Gledali\u0161\u010dem Ane Monro.<\/p>\n<p><a href=\"https:\/\/www.facebook.com\/bomba.naletalu\"><strong>Jure Bor\u0161i\u010d<\/strong><\/a> je saksofonist in klarinetist mlaj\u0161e generacije, delujo\u010d med Ljubljano in Novo Gorico. Aktiven je predvsem v prosto-jazzovskih, eksperimentalnih in alternativnih vodah, v zadnjem \u010dasu vse pogosteje tudi pri organizaciji tovrstnih dogodkov.<\/p>\n<p><a href=\"https:\/\/www.branezorman.si\/\"><strong>Brane Zorman<\/strong><\/a> je intermedijski umetnik, skladatelj, zvo\u010dni manipulator, producent in kurator. Zvo\u010dna dela komponira za gledali\u0161ke, intermedijske in plesne predstave.<\/p>\n<p><img loading=\"lazy\" decoding=\"async\" class=\"alignnone wp-image-2875 size-large\" src=\"https:\/\/arhiv.cona.si\/slo\/wp-content\/uploads\/sites\/2\/2025\/05\/Banner-1-1024x136.png\" alt=\"\" width=\"540\" height=\"72\" srcset=\"https:\/\/arhiv.cona.si\/slo\/wp-content\/uploads\/sites\/2\/2025\/05\/Banner-1-1024x136.png 1024w, https:\/\/arhiv.cona.si\/slo\/wp-content\/uploads\/sites\/2\/2025\/05\/Banner-1-300x40.png 300w, https:\/\/arhiv.cona.si\/slo\/wp-content\/uploads\/sites\/2\/2025\/05\/Banner-1-768x102.png 768w, https:\/\/arhiv.cona.si\/slo\/wp-content\/uploads\/sites\/2\/2025\/05\/Banner-1-1536x204.png 1536w, https:\/\/arhiv.cona.si\/slo\/wp-content\/uploads\/sites\/2\/2025\/05\/Banner-1-2048x272.png 2048w\" sizes=\"auto, (max-width: 540px) 100vw, 540px\" \/><\/p>\n","protected":false},"excerpt":{"rendered":"<p>29.\u201331. maj 2025 Bohinj Predstavljamo \u0161tiri projekte, ki z razli\u010dnimi pristopi raziskujejo povezave med naravo, zvokom in \u010dlove\u0161ko izku\u0161njo.<\/p>\n","protected":false},"author":2,"featured_media":0,"comment_status":"closed","ping_status":"closed","sticky":false,"template":"","format":"standard","meta":{"footnotes":""},"categories":[3],"tags":[],"class_list":["post-2765","post","type-post","status-publish","format-standard","hentry","category-5cona"],"_links":{"self":[{"href":"https:\/\/arhiv.cona.si\/slo\/wp-json\/wp\/v2\/posts\/2765","targetHints":{"allow":["GET"]}}],"collection":[{"href":"https:\/\/arhiv.cona.si\/slo\/wp-json\/wp\/v2\/posts"}],"about":[{"href":"https:\/\/arhiv.cona.si\/slo\/wp-json\/wp\/v2\/types\/post"}],"author":[{"embeddable":true,"href":"https:\/\/arhiv.cona.si\/slo\/wp-json\/wp\/v2\/users\/2"}],"replies":[{"embeddable":true,"href":"https:\/\/arhiv.cona.si\/slo\/wp-json\/wp\/v2\/comments?post=2765"}],"version-history":[{"count":16,"href":"https:\/\/arhiv.cona.si\/slo\/wp-json\/wp\/v2\/posts\/2765\/revisions"}],"predecessor-version":[{"id":3196,"href":"https:\/\/arhiv.cona.si\/slo\/wp-json\/wp\/v2\/posts\/2765\/revisions\/3196"}],"wp:attachment":[{"href":"https:\/\/arhiv.cona.si\/slo\/wp-json\/wp\/v2\/media?parent=2765"}],"wp:term":[{"taxonomy":"category","embeddable":true,"href":"https:\/\/arhiv.cona.si\/slo\/wp-json\/wp\/v2\/categories?post=2765"},{"taxonomy":"post_tag","embeddable":true,"href":"https:\/\/arhiv.cona.si\/slo\/wp-json\/wp\/v2\/tags?post=2765"}],"curies":[{"name":"wp","href":"https:\/\/api.w.org\/{rel}","templated":true}]}}