{"id":2541,"date":"2023-03-01T12:28:31","date_gmt":"2023-03-01T10:28:31","guid":{"rendered":"https:\/\/arhiv.cona.si\/slo\/?p=2541"},"modified":"2024-10-21T12:29:30","modified_gmt":"2024-10-21T10:29:30","slug":"5805","status":"publish","type":"post","link":"https:\/\/arhiv.cona.si\/slo\/2023\/03\/01\/5805\/","title":{"rendered":"Thomas Gorbach &#038; The Vienna Acousmonium Delavnica"},"content":{"rendered":"<p><img loading=\"lazy\" decoding=\"async\" class=\"wp-image-5806 size-full alignleft\" src=\"https:\/\/arhiv.cona.si\/wp-content\/uploads\/2024\/10\/Square-No-text-150x150-1.png\" alt=\"\" width=\"150\" height=\"150\" \/><\/p>\n<p>delavnica za zvo\u010dne ustvarjalce z izku\u0161njami<br \/>\nv sodelovanju s <a href=\"https:\/\/www.kinosiska.si\/\">Kino \u0160i\u0161ka<\/a><\/p>\n<p>torek, 14. 3., in sreda, 15. 3., od 19.00 do 22.00,<br \/>\n<a href=\"https:\/\/www.kinosiska.si\/dogodek\/thomas-gorbach-the-vienna-acousmonium-2\/\">Kino \u0160i\u0161ka<\/a>, dvorana Katedrala<\/p>\n<div><\/div>\n<p><!--more--><\/p>\n<div id=\"gallery-1\" class=\"gallery galleryid-5157 gallery-columns-5 gallery-size-thumbnail\">V Katedrali bo za\u017eivel The Vienna Acousmonium, multi-dimenzionalni zvo\u010dni\u0161ki orkester, zvo\u010dni studio in laboratorij za manipulacijo in \u010duje\u010de poslu\u0161anje efemernih, dinami\u010dno-gibalnih zvo\u010dnih skulptur.<\/div>\n<div>\n<p>Na dvodnevni delavnici bo <a href=\"https:\/\/theacousmaticproject.at\/thomas-gorbach\/?lang=en\">Thomas Gorbach<\/a> razlo\u017eil principe arhitekture zvo\u010dnikov svojega akuzmonija, logiko konfiguracije kanalov ter glasbene principe analize in performativnega zapisa akusti\u010dnih del v posebej razvitem scenariju.<span id=\"more-1466\"><\/span><\/p>\n<p>V Ljubljano prihaja avstrijski glasbenik, izvajalec in akuzmati\u010dni skladatelj Thomas Gorbach, skupaj z umetnikoma Martino Claussen in Patrickom K.-H. iz umetni\u0161kega zdru\u017eenja The Acousmatic Project. Njihovi za\u010detni koncerti z osmimi zvo\u010dniki, postavljenimi v krogu, so prerasli v koncertno organizacijo s posebej zgrajenim orkestrom poimenovanim The Vienna Acousmonium. S tehni\u010dnim razvojem in s posodobitvami tega trideset in ve\u010d kanalnega zvo\u010dnega sistema je Thomas Gorbach za interakcijo z akuzmati\u010dnimi in elektroakusti\u010dnimi deli razvil lastne umetni\u0161ke tehnike, ki jih v zvo\u010dnih performansih realizira z uporabo programskega orodja Reaper, kontrolerjih in zvo\u010dne me\u0161alne mize.<\/p>\n<p><img loading=\"lazy\" decoding=\"async\" class=\"alignnone wp-image-4604\" src=\"https:\/\/arhiv.cona.si\/wp-content\/uploads\/2022\/02\/KS-lezec-logo-s-crno-podlago-300x110.png\" alt=\"\" width=\"77\" height=\"28\" \/><\/p>\n<\/div>\n","protected":false},"excerpt":{"rendered":"<p>delavnica za zvo\u010dne ustvarjalce z izku\u0161njami v sodelovanju s Kino \u0160i\u0161ka torek, 14. 3., in sreda, 15. 3., od 19.00 do 22.00, Kino \u0160i\u0161ka, dvorana Katedrala<\/p>\n","protected":false},"author":2,"featured_media":0,"comment_status":"closed","ping_status":"closed","sticky":false,"template":"","format":"standard","meta":{"footnotes":""},"categories":[1],"tags":[],"class_list":["post-2541","post","type-post","status-publish","format-standard","hentry","category-1radiocona"],"_links":{"self":[{"href":"https:\/\/arhiv.cona.si\/slo\/wp-json\/wp\/v2\/posts\/2541","targetHints":{"allow":["GET"]}}],"collection":[{"href":"https:\/\/arhiv.cona.si\/slo\/wp-json\/wp\/v2\/posts"}],"about":[{"href":"https:\/\/arhiv.cona.si\/slo\/wp-json\/wp\/v2\/types\/post"}],"author":[{"embeddable":true,"href":"https:\/\/arhiv.cona.si\/slo\/wp-json\/wp\/v2\/users\/2"}],"replies":[{"embeddable":true,"href":"https:\/\/arhiv.cona.si\/slo\/wp-json\/wp\/v2\/comments?post=2541"}],"version-history":[{"count":1,"href":"https:\/\/arhiv.cona.si\/slo\/wp-json\/wp\/v2\/posts\/2541\/revisions"}],"predecessor-version":[{"id":2542,"href":"https:\/\/arhiv.cona.si\/slo\/wp-json\/wp\/v2\/posts\/2541\/revisions\/2542"}],"wp:attachment":[{"href":"https:\/\/arhiv.cona.si\/slo\/wp-json\/wp\/v2\/media?parent=2541"}],"wp:term":[{"taxonomy":"category","embeddable":true,"href":"https:\/\/arhiv.cona.si\/slo\/wp-json\/wp\/v2\/categories?post=2541"},{"taxonomy":"post_tag","embeddable":true,"href":"https:\/\/arhiv.cona.si\/slo\/wp-json\/wp\/v2\/tags?post=2541"}],"curies":[{"name":"wp","href":"https:\/\/api.w.org\/{rel}","templated":true}]}}