{"id":2495,"date":"2024-09-16T13:57:29","date_gmt":"2024-09-16T11:57:29","guid":{"rendered":"https:\/\/arhiv.cona.si\/slo\/?p=2495"},"modified":"2024-10-23T15:48:30","modified_gmt":"2024-10-23T13:48:30","slug":"sava-sumi-half-monologue-with-interventions","status":"publish","type":"post","link":"https:\/\/arhiv.cona.si\/slo\/2024\/09\/16\/sava-sumi-half-monologue-with-interventions\/","title":{"rendered":"Sava \u0161umi: Pol.monolog z intervencijami"},"content":{"rendered":"<p><img loading=\"lazy\" decoding=\"async\" class=\"wp-image-2496 size-full alignleft\" src=\"https:\/\/arhiv.cona.si\/slo\/wp-content\/uploads\/sites\/2\/2024\/10\/TOpot-Predavanje-PolMonolog-150x150-1.jpg\" alt=\"\" width=\"150\" height=\"150\" \/>peripateti\u010dno predavanje in zvo\u010dni sprehod, 30 min<br \/>\n\u010detrtek, 26. 9., 12.00<br \/>\nCukrarna in okolica<\/p>\n<p><!--more--><\/p>\n<p><em>\u00bbPol.monolog je politi\u010dni monolog po svoji vsebini ter polovi\u010den monolog po svoji obliki, saj se v govorico povabljenega govorca konstantno vme\u0161avajo, pridru\u017eujejo ostali prisotni; kar povede v \u0161ir\u0161e razglabljanje. Ko prisotni intervenirajo, to po\u010dnejo argumentirano. Lahko zahtevajo jasno obrazlo\u017eitev povedanega, izzovejo govorca, da poglobi ali predruga\u010di svojo govorico, izrazijo nestrinjanje ali odobravanje podanega in navsezadnje z intervencijami izzovejo govor\u010deve ontolo\u0161ke in\/ali epistemolo\u0161ke predpostavke, \u0161e posebej pa smiselnost njegove politi\u010dne dr\u017ee v lu\u010di dana\u0161njega sveta in nas ostalih ljudi, ki v njem bivamo. \u010ce bi hoteli doma revolucijo, kaj bi govorili?\u00ab<\/em><\/p>\n<p>Politi\u010dni monolog z intervencijami oziroma <em>Pol.monolog<\/em> je bil tradicionalni dogodek na repertoarju Modrega kota v Avtonomni tovarni Rog. Temeljil je na uporabi javnega prostora kot igri\u0161\u010da za opisovanje in obrazlo\u017eitev lastne politi\u010dne dr\u017ee, prisotni pa so lahko z intervencijami, priporo\u010deno vokalno-argumentativnimi, zahtevali bolj jasno razlago, izra\u017eali nestrinjanje ali odobravanje podane misli. Zadnji izmed izvedenih polmonologov, in tudi edini, ki ga je izvedla \u017eenska predstavnica, je postavil vpra\u0161anje: \u00bbA kak\u0161no Ljubljano si \u017eelimo v letu 2024?\u00ab Ker zastavljeno vpra\u0161anje zahteva odgovor, se bo v tovarni nikoli izvedeni Pol.monolog biv\u0161e modrokotovke posvetil politi\u010dnosti zgodovinjenja, arhiviranja in zagat, ki nastanejo ob plastenju spominov in pozabe funkcij javnih prostorov.<\/p>\n<p><em>Pol.monolog z intervencijami<\/em> je prvi del raziskovalnega dvoletnega projekta, ki je bil izbran s strani zavoda Cona na javnem razpisu za zvo\u010dne sprehode. Kon\u010dna verzija v obliki zvo\u010dnega sprehoda bo predstavljena na festivalu <em>TO)pot 2025<\/em>.<\/p>\n<p><a href=\"https:\/\/www.membrana.si\/avtor\/urska-savic\/\">Sava \u0161umi [Ur\u0161ka Savi\u010d]<\/a> je fotografinja, piska in novinarka na podro\u010dju kulture ter ustvarjalka radijskih oddaj in zvo\u010dnih pokrajin. Leta 2014 je diplomirala iz fotografije na FAMU v Pragi, magistrirala pa na oddelku za kiparstvo ALUO (2020) v Ljubljani. Kot samozaposlena v kulturi sodeluje z razli\u010dnimi publikacijami, soustvarja ve\u010dmedijske projekte, je del uredni\u0161tva revije Fotografija in pou\u010duje na oddelku za fotografijo ALUO. Med letoma 2015 in 2019 je bila aktivna uporabnica Avtonomne tovarne Rog.<\/p>\n<p>Produkcijo sta sofinanricala Ministrstvo za kulturo Republike Slovenije in Mestna ob\u010dina Ljubljana, Oddelek za kulturo.<\/p>\n<p><img loading=\"lazy\" decoding=\"async\" class=\"alignnone wp-image-2487\" src=\"https:\/\/arhiv.cona.si\/slo\/wp-content\/uploads\/sites\/2\/2024\/10\/Posnetek-zaslona-2024\u201310\u201317-ob-13.51.02.png\" alt=\"\" width=\"344\" height=\"43\" srcset=\"https:\/\/arhiv.cona.si\/slo\/wp-content\/uploads\/sites\/2\/2024\/10\/Posnetek-zaslona-2024\u201310\u201317-ob-13.51.02.png 1440w, https:\/\/arhiv.cona.si\/slo\/wp-content\/uploads\/sites\/2\/2024\/10\/Posnetek-zaslona-2024\u201310\u201317-ob-13.51.02-300x38.png 300w, https:\/\/arhiv.cona.si\/slo\/wp-content\/uploads\/sites\/2\/2024\/10\/Posnetek-zaslona-2024\u201310\u201317-ob-13.51.02-1024x128.png 1024w, https:\/\/arhiv.cona.si\/slo\/wp-content\/uploads\/sites\/2\/2024\/10\/Posnetek-zaslona-2024\u201310\u201317-ob-13.51.02-768x96.png 768w\" sizes=\"auto, (max-width: 344px) 100vw, 344px\" \/><\/p>\n","protected":false},"excerpt":{"rendered":"<p>peripateti\u010dno predavanje in zvo\u010dni sprehod, 30 min \u010detrtek, 26. 9., 12.00 Cukrarna in okolica<\/p>\n","protected":false},"author":2,"featured_media":0,"comment_status":"closed","ping_status":"closed","sticky":false,"template":"","format":"standard","meta":{"footnotes":""},"categories":[3],"tags":[],"class_list":["post-2495","post","type-post","status-publish","format-standard","hentry","category-5cona"],"_links":{"self":[{"href":"https:\/\/arhiv.cona.si\/slo\/wp-json\/wp\/v2\/posts\/2495","targetHints":{"allow":["GET"]}}],"collection":[{"href":"https:\/\/arhiv.cona.si\/slo\/wp-json\/wp\/v2\/posts"}],"about":[{"href":"https:\/\/arhiv.cona.si\/slo\/wp-json\/wp\/v2\/types\/post"}],"author":[{"embeddable":true,"href":"https:\/\/arhiv.cona.si\/slo\/wp-json\/wp\/v2\/users\/2"}],"replies":[{"embeddable":true,"href":"https:\/\/arhiv.cona.si\/slo\/wp-json\/wp\/v2\/comments?post=2495"}],"version-history":[{"count":2,"href":"https:\/\/arhiv.cona.si\/slo\/wp-json\/wp\/v2\/posts\/2495\/revisions"}],"predecessor-version":[{"id":2597,"href":"https:\/\/arhiv.cona.si\/slo\/wp-json\/wp\/v2\/posts\/2495\/revisions\/2597"}],"wp:attachment":[{"href":"https:\/\/arhiv.cona.si\/slo\/wp-json\/wp\/v2\/media?parent=2495"}],"wp:term":[{"taxonomy":"category","embeddable":true,"href":"https:\/\/arhiv.cona.si\/slo\/wp-json\/wp\/v2\/categories?post=2495"},{"taxonomy":"post_tag","embeddable":true,"href":"https:\/\/arhiv.cona.si\/slo\/wp-json\/wp\/v2\/tags?post=2495"}],"curies":[{"name":"wp","href":"https:\/\/api.w.org\/{rel}","templated":true}]}}