{"id":2416,"date":"2024-08-21T12:06:56","date_gmt":"2024-08-21T10:06:56","guid":{"rendered":"https:\/\/arhiv.cona.si\/slo\/?p=2416"},"modified":"2024-08-21T12:08:31","modified_gmt":"2024-08-21T10:08:31","slug":"brane-zorman-duh-dreves-dotik-2","status":"publish","type":"post","link":"https:\/\/arhiv.cona.si\/slo\/2024\/08\/21\/brane-zorman-duh-dreves-dotik-2\/","title":{"rendered":"Brane Zorman: Duh dreves | Dotik"},"content":{"rendered":"<p><img loading=\"lazy\" decoding=\"async\" class=\"size-thumbnail wp-image-5656 alignleft\" src=\"https:\/\/arhiv.cona.si\/wp-content\/uploads\/2024\/08\/Zorman11-150x150.jpg\" alt=\"\" width=\"150\" height=\"150\" \/>ambisoni\u010dni zvo\u010dni dogodek v \u017eivo<br \/>\n4. september 2024, ob 18.00<br \/>\ndel projekta <em>Share-ploring Spatial Audio,\u00a0<\/em>ARS Electronica<br \/>\nTehnolo\u0161ki in\u0161titut Linz<\/p>\n<p>Projekt <em>Share-ploring Spatial Audio<\/em> je posve\u010den podiranju ovir med kompleksnimi prostorskimi avdio tehnologijami in ustvarjalcem.<\/p>\n<div><\/div>\n<p><!--more--><\/p>\n<p data-pm-slice=\"1 1 []\">Zvo\u010dno delo <em>Duh dreves | Dotik<\/em> spekulira o zvo\u010dni komponenti \u017eivljenja dreves in prevpra\u0161uje preplet posameznega dela rastline s kolonijo organizmov in skupnostjo gozda. Zvo\u010dni posnetki dajejo glas \u017eivljenju drevesa v njegovem letnem in \u017eivljenjskem ciklu, ki se za\u010dne in kon\u010da s ti\u0161ino. Ti\u0161ino pred spomladanskim pretokom drevesnih sokov in ti\u0161ino po uni\u010denju zaradi klimatskih sprememb, su\u0161e, po\u017earov.<\/p>\n<p data-pm-slice=\"1 1 []\">Brane Zorman je za delo<em> Duh dreves I Dotik<\/em> prejel nagrado Palma Ars Acustica 2022.<\/p>\n<p><strong><a href=\"https:\/\/www.steklenik.si\/brane-zorman-duh-dreves\/\">Preberite ve\u010d o delu<\/a><\/strong><\/p>\n<p><a href=\"http:\/\/www.branezorman.si\"><strong>Brane Zorman<\/strong><\/a> je skladatelj, zvo\u010dni in intermedijski umetnik, zvo\u010dni manipulator, producent in kurator. Zvo\u010dna dela komponira za gledali\u0161ke, intermedijske in plesne predstave. V odnosu do zvoka in prostora razvija razli\u010dne strategije, tehnike, dinami\u010dne in interaktivne module, snema in reinterpretira zvo\u010dne krajine in z uporabo sofisticiranih orodij kreira elektronske in akusti\u010dne zvo\u010dne skulpture.<\/p>\n","protected":false},"excerpt":{"rendered":"<p>ambisoni\u010dni zvo\u010dni dogodek v \u017eivo 4. september 2024, ob 18.00 del projekta Share-ploring Spatial Audio,\u00a0ARS Electronica Tehnolo\u0161ki in\u0161titut Linz Projekt Share-ploring Spatial Audio je posve\u010den podiranju ovir med kompleksnimi prostorskimi avdio tehnologijami in ustvarjalcem.<\/p>\n","protected":false},"author":2,"featured_media":0,"comment_status":"closed","ping_status":"closed","sticky":false,"template":"","format":"standard","meta":{"footnotes":""},"categories":[3],"tags":[],"class_list":["post-2416","post","type-post","status-publish","format-standard","hentry","category-5cona"],"_links":{"self":[{"href":"https:\/\/arhiv.cona.si\/slo\/wp-json\/wp\/v2\/posts\/2416","targetHints":{"allow":["GET"]}}],"collection":[{"href":"https:\/\/arhiv.cona.si\/slo\/wp-json\/wp\/v2\/posts"}],"about":[{"href":"https:\/\/arhiv.cona.si\/slo\/wp-json\/wp\/v2\/types\/post"}],"author":[{"embeddable":true,"href":"https:\/\/arhiv.cona.si\/slo\/wp-json\/wp\/v2\/users\/2"}],"replies":[{"embeddable":true,"href":"https:\/\/arhiv.cona.si\/slo\/wp-json\/wp\/v2\/comments?post=2416"}],"version-history":[{"count":3,"href":"https:\/\/arhiv.cona.si\/slo\/wp-json\/wp\/v2\/posts\/2416\/revisions"}],"predecessor-version":[{"id":2419,"href":"https:\/\/arhiv.cona.si\/slo\/wp-json\/wp\/v2\/posts\/2416\/revisions\/2419"}],"wp:attachment":[{"href":"https:\/\/arhiv.cona.si\/slo\/wp-json\/wp\/v2\/media?parent=2416"}],"wp:term":[{"taxonomy":"category","embeddable":true,"href":"https:\/\/arhiv.cona.si\/slo\/wp-json\/wp\/v2\/categories?post=2416"},{"taxonomy":"post_tag","embeddable":true,"href":"https:\/\/arhiv.cona.si\/slo\/wp-json\/wp\/v2\/tags?post=2416"}],"curies":[{"name":"wp","href":"https:\/\/api.w.org\/{rel}","templated":true}]}}