{"id":2271,"date":"2024-04-05T19:25:11","date_gmt":"2024-04-05T17:25:11","guid":{"rendered":"https:\/\/arhiv.cona.si\/slo\/?p=2271"},"modified":"2025-05-27T14:24:23","modified_gmt":"2025-05-27T12:24:23","slug":"animotmuzik-2024","status":"publish","type":"post","link":"https:\/\/arhiv.cona.si\/slo\/2024\/04\/05\/animotmuzik-2024\/","title":{"rendered":"AnimotMUZIK"},"content":{"rendered":"<p><img loading=\"lazy\" decoding=\"async\" class=\"wp-image-5488 size-thumbnail alignleft\" src=\"https:\/\/arhiv.cona.si\/wp-content\/uploads\/2024\/04\/Square-No-text-150x150.jpg\" alt=\"\" width=\"150\" height=\"150\" \/><strong><a href=\"https:\/\/www.steklenik.si\/en\/animotmuzik-krater-en\/\">Krater<\/a>, ob <\/strong>nedelja, 5. maj 2024, 5.08 (zjutraj)<br \/>\n<strong><a href=\"https:\/\/www.steklenik.si\/en\/animotmuzik-arboretum-volcji-potok-en\/\">Arboretum Vol\u010dji Potok<\/a>, s<\/strong>obota, 11. maj 2024, ob 19.00<br \/>\n<strong><a href=\"https:\/\/www.steklenik.si\/en\/animotmuzik-mglc-plecnik-auditorium\/\">MGLC Ple\u010dnik auditorium<\/a>, <\/strong>nedelja, 12. maj 2024, ob 5.08 (zjutraj)<br \/>\n<strong><a href=\"https:\/\/www.steklenik.si\/en\/animotmuzik-loski-muzej-skofja-loka-en\/\">Lo\u0161ki muzej \u0160kofja Loka<\/a>, <\/strong>nedelja, 12. maj 2024, ob 18.00<\/p>\n<p><strong>ptice \u25cf Eduardo Raon<\/strong>\u00a0\u25cf <strong>Tea Vidmar<\/strong>\u00a0\u25cf <strong>\u017diga Jenko<\/strong>\u00a0\u25cf <strong>Jure Bor\u0161i\u010d<\/strong>\u00a0\u25cf <strong>a l l j a<\/strong><\/p>\n<p><!--more--><\/p>\n<p><strong><a href=\"https:\/\/www.steklenik.si\/animotmuzik-krater\/\">Krater<\/a><\/strong><br \/>\nNedelja, 5. maj 2024<br \/>\n5.08 (zjutraj), ptice, Tea Vidmar, Jure Bor\u0161i\u010d, a l l j a, (zvo\u010dni dogodek v \u017eivo) in<br \/>\nkolektiv Krater: <em>\u010cajanka iz podivjane gradbene jame<br \/>\n<\/em>Koncert bomo prena\u0161ali tudi po spletu na 11. ediciji mednarodnega projekta <a href=\"https:\/\/soundtent.org\/index.html\"><em>Soundcamp \/ Reveil<\/em><\/a>.<em><br \/>\n<\/em><\/p>\n<p><strong><a href=\"https:\/\/www.steklenik.si\/animotmuzik-arboretum-volcji-potok\/\">Arboretum Vol\u010dji Potok<\/a>, Boljkova galerija<\/strong><br \/>\nSobota, 11. maj 2024<br \/>\n19.00, Katarina Radaljac: <em>Medvrstna zvo\u010dna komunikacija<\/em> (predavanje)<br \/>\n19.45, ptice, Eduardo Raon, Tea Vidmar,\u00a0Jure Bor\u0161i\u010d, (zvo\u010dni dogodek v \u017eivo)<br \/>\nDogodek je ob pla\u010dilu vstopnice v Arboretum brezpla\u010den.<\/p>\n<p><strong><a href=\"https:\/\/www.steklenik.si\/animotmuzik-mglc-plecnikov-avditorij\/\">MGLC\u00a0Ple\u010dnikov avditorij<\/a>, park Tivoli<\/strong><br \/>\nNedelja, 12. maj 2024<br \/>\n5.08 (zjutraj), ptice, Eduardo Raon, \u017diga Jenko, \u00a0a l l j a, (zvo\u010dni dogodek v \u017eivo) in<br \/>\nAna \u010cavi\u0107: <em>Nit brez konca, IV. dejanje (Zora)<\/em> (performans)<\/p>\n<p><strong><a href=\"https:\/\/www.steklenik.si\/animotmuzik-loski-muzej-skofja-loka\/\">Lo\u0161ki muzej \u0160kofja Loka<\/a><\/strong><br \/>\nNedelja, 12. maj 2024<br \/>\n18:00, Katarina Radaljac: <em>Medvrstna zvo\u010dna komunikacija<\/em> (predavanje) in Biljana Risti\u0107: <em>Zgodovina grajskega vrta in ur\u0161ulinke<\/em>\u00a0(voden ogled vrta in predavanje o \u017eivljenju ur\u0161ulink)<br \/>\n19:00, ptice, Tea Vidmar, \u017diga Jenko, Jure Bor\u0161i\u010d (zvo\u010dni dogodek v \u017eivo)<\/p>\n<p><iframe loading=\"lazy\" src=\"https:\/\/video.arnes.si\/embed\/vcjsw8z3xdwz\" width=\"854\" height=\"480\" frameborder=\"0\" allowfullscreen=\"allowfullscreen\"><\/iframe><\/p>\n<p><em>AnimotMUZIK<\/em> je koncertni cikel, ki se odvija v parkih in vrtovih \u0161irom Slovenije. Povabljene glasbenice in glasbeniki nastopajo v naravnih okoljih, katerih zvok ne\u010dlove\u0161kih \u017eivali postane partitura ali inspiracija za njihovo ustvarjanje. Cikel sloni na prevpra\u0161evanju uveljavljenih na\u010dinov glasbenega izra\u017eanja, publiko pa vabi k \u010duje\u010dnem poslu\u0161anju. S poudarkom na poglobljenem do\u017eivljanju zvo\u010dnih pokrajin \u0161iri zavedanje o pomenu narave za \u010dlove\u0161ko kulturo ter poudarja njen vpliv na umetni\u0161ko ustvarjanje. Naslavlja vklju\u010dujo\u010do, so\u010dutno in zvo\u010dno bogato mo\u017eno prihodnost, kjer pojem glasbe ni omejen v okvire antropocenega razmi\u0161ljanja.<\/p>\n\n\t\t<style type=\"text\/css\">\n\t\t\t#gallery-1 {\n\t\t\t\tmargin: auto;\n\t\t\t}\n\t\t\t#gallery-1 .gallery-item {\n\t\t\t\tfloat: left;\n\t\t\t\tmargin-top: 10px;\n\t\t\t\ttext-align: center;\n\t\t\t\twidth: 16%;\n\t\t\t}\n\t\t\t#gallery-1 img {\n\t\t\t\tborder: 2px solid #cfcfcf;\n\t\t\t}\n\t\t\t#gallery-1 .gallery-caption {\n\t\t\t\tmargin-left: 0;\n\t\t\t}\n\t\t\t\/* see gallery_shortcode() in wp-includes\/media.php *\/\n\t\t<\/style>\n\t\t<div id='gallery-1' class='gallery galleryid-2271 gallery-columns-6 gallery-size-thumbnail'><dl class='gallery-item'>\n\t\t\t<dt class='gallery-icon landscape'>\n\t\t\t\t<a href='https:\/\/arhiv.cona.si\/slo\/2024\/04\/05\/animotmuzik-2024\/_dsf6520\/'><img loading=\"lazy\" decoding=\"async\" width=\"150\" height=\"150\" src=\"https:\/\/arhiv.cona.si\/slo\/wp-content\/uploads\/sites\/2\/2024\/04\/DSF6520-150x150.jpg\" class=\"attachment-thumbnail size-thumbnail\" alt=\"\" \/><\/a>\n\t\t\t<\/dt><\/dl><dl class='gallery-item'>\n\t\t\t<dt class='gallery-icon landscape'>\n\t\t\t\t<a href='https:\/\/arhiv.cona.si\/slo\/2024\/04\/05\/animotmuzik-2024\/_dsf6470\/'><img loading=\"lazy\" decoding=\"async\" width=\"150\" height=\"150\" src=\"https:\/\/arhiv.cona.si\/slo\/wp-content\/uploads\/sites\/2\/2024\/04\/DSF6470-150x150.jpg\" class=\"attachment-thumbnail size-thumbnail\" alt=\"\" \/><\/a>\n\t\t\t<\/dt><\/dl><dl class='gallery-item'>\n\t\t\t<dt class='gallery-icon landscape'>\n\t\t\t\t<a href='https:\/\/arhiv.cona.si\/slo\/2024\/04\/05\/animotmuzik-2024\/_dsf6420\/'><img loading=\"lazy\" decoding=\"async\" width=\"150\" height=\"150\" src=\"https:\/\/arhiv.cona.si\/slo\/wp-content\/uploads\/sites\/2\/2024\/04\/DSF6420-150x150.jpg\" class=\"attachment-thumbnail size-thumbnail\" alt=\"\" \/><\/a>\n\t\t\t<\/dt><\/dl><dl class='gallery-item'>\n\t\t\t<dt class='gallery-icon portrait'>\n\t\t\t\t<a href='https:\/\/arhiv.cona.si\/slo\/2024\/04\/05\/animotmuzik-2024\/_dsf5823\/'><img loading=\"lazy\" decoding=\"async\" width=\"150\" height=\"150\" src=\"https:\/\/arhiv.cona.si\/slo\/wp-content\/uploads\/sites\/2\/2024\/04\/DSF5823-150x150.jpg\" class=\"attachment-thumbnail size-thumbnail\" alt=\"\" \/><\/a>\n\t\t\t<\/dt><\/dl><dl class='gallery-item'>\n\t\t\t<dt class='gallery-icon landscape'>\n\t\t\t\t<a href='https:\/\/arhiv.cona.si\/slo\/2024\/04\/05\/animotmuzik-2024\/_dsf5911\/'><img loading=\"lazy\" decoding=\"async\" width=\"150\" height=\"150\" src=\"https:\/\/arhiv.cona.si\/slo\/wp-content\/uploads\/sites\/2\/2024\/04\/DSF5911-150x150.jpg\" class=\"attachment-thumbnail size-thumbnail\" alt=\"\" \/><\/a>\n\t\t\t<\/dt><\/dl><dl class='gallery-item'>\n\t\t\t<dt class='gallery-icon landscape'>\n\t\t\t\t<a href='https:\/\/arhiv.cona.si\/slo\/2024\/04\/05\/animotmuzik-2024\/_dsf5933\/'><img loading=\"lazy\" decoding=\"async\" width=\"150\" height=\"150\" src=\"https:\/\/arhiv.cona.si\/slo\/wp-content\/uploads\/sites\/2\/2024\/04\/DSF5933-150x150.jpg\" class=\"attachment-thumbnail size-thumbnail\" alt=\"\" \/><\/a>\n\t\t\t<\/dt><\/dl><br style=\"clear: both\" \/><dl class='gallery-item'>\n\t\t\t<dt class='gallery-icon landscape'>\n\t\t\t\t<a href='https:\/\/arhiv.cona.si\/slo\/2024\/04\/05\/animotmuzik-2024\/_dsf6393\/'><img loading=\"lazy\" decoding=\"async\" width=\"150\" height=\"150\" src=\"https:\/\/arhiv.cona.si\/slo\/wp-content\/uploads\/sites\/2\/2024\/04\/DSF6393-150x150.jpg\" class=\"attachment-thumbnail size-thumbnail\" alt=\"\" \/><\/a>\n\t\t\t<\/dt><\/dl><dl class='gallery-item'>\n\t\t\t<dt class='gallery-icon landscape'>\n\t\t\t\t<a href='https:\/\/arhiv.cona.si\/slo\/2024\/04\/05\/animotmuzik-2024\/_dsf6442\/'><img loading=\"lazy\" decoding=\"async\" width=\"150\" height=\"150\" src=\"https:\/\/arhiv.cona.si\/slo\/wp-content\/uploads\/sites\/2\/2024\/04\/DSF6442-150x150.jpg\" class=\"attachment-thumbnail size-thumbnail\" alt=\"\" \/><\/a>\n\t\t\t<\/dt><\/dl><dl class='gallery-item'>\n\t\t\t<dt class='gallery-icon landscape'>\n\t\t\t\t<a href='https:\/\/arhiv.cona.si\/slo\/2024\/04\/05\/animotmuzik-2024\/_dsf6385\/'><img loading=\"lazy\" decoding=\"async\" width=\"150\" height=\"150\" src=\"https:\/\/arhiv.cona.si\/slo\/wp-content\/uploads\/sites\/2\/2024\/04\/DSF6385-150x150.jpg\" class=\"attachment-thumbnail size-thumbnail\" alt=\"\" \/><\/a>\n\t\t\t<\/dt><\/dl><dl class='gallery-item'>\n\t\t\t<dt class='gallery-icon landscape'>\n\t\t\t\t<a href='https:\/\/arhiv.cona.si\/slo\/2024\/04\/05\/animotmuzik-2024\/_dsf6576\/'><img loading=\"lazy\" decoding=\"async\" width=\"150\" height=\"150\" src=\"https:\/\/arhiv.cona.si\/slo\/wp-content\/uploads\/sites\/2\/2024\/04\/DSF6576-150x150.jpg\" class=\"attachment-thumbnail size-thumbnail\" alt=\"\" \/><\/a>\n\t\t\t<\/dt><\/dl><dl class='gallery-item'>\n\t\t\t<dt class='gallery-icon portrait'>\n\t\t\t\t<a href='https:\/\/arhiv.cona.si\/slo\/2024\/04\/05\/animotmuzik-2024\/_dsf5722\/'><img loading=\"lazy\" decoding=\"async\" width=\"150\" height=\"150\" src=\"https:\/\/arhiv.cona.si\/slo\/wp-content\/uploads\/sites\/2\/2024\/04\/DSF5722-150x150.jpg\" class=\"attachment-thumbnail size-thumbnail\" alt=\"\" \/><\/a>\n\t\t\t<\/dt><\/dl><dl class='gallery-item'>\n\t\t\t<dt class='gallery-icon portrait'>\n\t\t\t\t<a href='https:\/\/arhiv.cona.si\/slo\/2024\/04\/05\/animotmuzik-2024\/_dsf6414\/'><img loading=\"lazy\" decoding=\"async\" width=\"150\" height=\"150\" src=\"https:\/\/arhiv.cona.si\/slo\/wp-content\/uploads\/sites\/2\/2024\/04\/DSF6414-150x150.jpg\" class=\"attachment-thumbnail size-thumbnail\" alt=\"\" \/><\/a>\n\t\t\t<\/dt><\/dl><br style=\"clear: both\" \/>\n\t\t<\/div>\n\n<p><span style=\"font-size: 12px!important;\">Foto: Matej Toma\u017ein.<\/span><\/p>\n<p><a href=\"https:\/\/www.steklenik.si\/animotmuzik-2024\/\"><strong>VE\u010c O KONCERTNEM CIKLU<\/strong><\/a><\/p>\n<p>Ekolo\u0161ki koncertni cikel se pri\u010dne vsako leto pomladi, z za\u010detkom na prvo nedeljo v maju in obele\u017euje <em>Mednarodni dan poslu\u0161anja zore<\/em>.<\/p>\n<p><strong><a href=\"https:\/\/eduardoraon.com\/\">Eduardo Raon<\/a><\/strong> je portugalski klasi\u010dno izobra\u017een harfist, skladatelj in oblikovalec zvoka, ki \u017eivi v Ljubljani. Ob mednarodnem udejstvovanju deluje tudi v Sloveniji. Ustvarja sodobno in improvizirano glasbo in se pri tem igra s kalajdoskopom etno, noise, pop, retro, rock, ambient in elektronske glasbe.<\/p>\n<p><strong><a href=\"http:\/\/www.centralala.si\/tea-vidmar-o-vzgibih-razlogih-inspiraciji-in-postopkih-video-intervju\/\">Tea Vidmar<\/a> <\/strong>je samozaposlena v kulturi kot pedagoginja, performerka in pevka. Deluje na podro\u010dju uli\u010dnega in glasbenega gledali\u0161\u010da, glasbe in vokalnih performansov, ustvarja pa tudi glasbo za pripovedovanja, lutkovno in plesno gledali\u0161\u010de. Veliko sodeluje z Gledali\u0161\u010dem Ane Monro.<\/p>\n<p><strong><a href=\"https:\/\/noiz.bandcamp.com\/\">\u017diga Jenko<\/a><\/strong> je od malega je zaljubljen v glasbo, brez \u017eanrskih omejitev. Samouk in raziskovalec zvo\u010dnega obrobja.<\/p>\n<p><strong><a href=\"https:\/\/www.facebook.com\/bomba.naletalu\">Jure Bor\u0161i\u010d<\/a><\/strong> je saksofonist in klarinetist mlaj\u0161e generacije, delujo\u010d med Ljubljano in Novo Gorico. Aktiven je predvsem v prosto-jazzovskih, eksperimentalnih in alternativnih vodah, v zadnjem \u010dasu vse pogosteje tudi pri organizaciji tovrstnih dogodkov.<\/p>\n<p><strong><a href=\"https:\/\/www.aljapetric.com\/\"><span lang=\"EN-US\"><span class=\"Hyperlink0\"><span lang=\"SL\">a l l j a <\/span><\/span><\/span>[Alja Petric]<\/a><\/strong> kot pevka, pedagoginja in vsestranska raziskovalka posve\u010da svoje \u017eivljenje raziskovanju glasbene umetnosti, vodenju individualnih in skupinskih zvokovno-vokalnih delavnic ter terapevtskem delu z zvokom. Navdih za umetni\u0161ko ustvarjanje i\u0161\u010de v zvo\u010dnih krajinah narave in vsakodnevnem urbanem \u017eivljenju prestolnice.<\/p>\n<p><strong><a href=\"https:\/\/www.instagram.com\/customeyesd\/\">Ana \u010cavi\u0107<\/a><\/strong> je vizualna umetnica, performerka, pesnica in akademska raziskovalka \u00bbperformansnega zalo\u017eni\u0161tva\u00ab, v katerem se zalo\u017eni\u0161tvo odvija na odru in ne na strani. Njena interdisciplinarna praksa zdru\u017euje vizualne in uprizoritvene umetnosti ter deluje na razli\u010dnih medijih in podro\u010djih, vklju\u010dno z umetnostjo, literaturo in gledali\u0161\u010dem.<\/p>\n<p><strong><a href=\"http:\/\/www.centralala.si\/animotmuzik-raziskovanje-in-odkrivanje-zvocnih-in-vsebinskih-komunikacijskih-vezi-znotraj-medvrstnega-sodelovanja\/\">Katarina Radaljac<\/a><\/strong> je magister_rica muzikologije, ki svoje raziskovanje posve\u010da glasbi ne\u010dlove\u0161kih \u017eivali in interakcijam z njimi. Pri delu povezuje razli\u010dna znanstvena in umetni\u0161ka podro\u010dja kot so zoomuzikologija, aplikativna etnomuzikologija, medvrstna umetnost, \u010dlove\u0161ko-\u017eivalske \u0161tudije, etika \u017eivali in druga.<\/p>\n<p>Projekt podpirata Ministrstvo za kulturo Republike Slovenija in Mestna ob\u010dina Ljubljana, Oddelek za kulturo.<\/p>\n<p><strong>Kolofon<\/strong><br \/>\nUmetnice_ki: ptice, Eduardo Raon (harfa), Tea Vidmar (vokal), \u017diga Jenko (vokal), Jure Bor\u0161i\u010d (klarinet, saksofon), a l l j a [Alja Petric] (vokal)<br \/>\nIzbor umetnic_kov: Brane Zorman<br \/>\nIdejna zasnova izvornega zvo\u010dnega cikla: Katarina Radaljac<br \/>\nPartnerji projekta: <a href=\"https:\/\/mglc.si\/en\/\">MGLC<\/a>, <a href=\"https:\/\/krater.si\/si\">Krater<\/a>, <a href=\"https:\/\/www.loski-muzej.si\/\">Lo\u0161ki muzej \u0160kofja Loka<\/a> in <a href=\"https:\/\/www.arboretum.si\/dogodek\/animotmuzik-zvocni-dogodek\/?occurrence=2024-05-11\">Arboretum Vol\u010dji Potok<\/a><br \/>\nOrganizacija: Irena Pivka, Ur\u0161ka Savi\u010d<br \/>\nOdnosi z javnostmi, video in fotografija: Matej Toma\u017ein<br \/>\nProdukcija: Cona, zavod za procesiranje sodobne umetnosti, 2024<\/p>\n<p><img loading=\"lazy\" decoding=\"async\" class=\"alignleft wp-image-5482 size-full\" src=\"https:\/\/arhiv.cona.si\/wp-content\/uploads\/2024\/04\/banner.png\" alt=\"\" width=\"2193\" height=\"122\" \/><\/p>\n","protected":false},"excerpt":{"rendered":"<p>Krater, ob nedelja, 5. maj 2024, 5.08 (zjutraj) Arboretum Vol\u010dji Potok, sobota, 11. maj 2024, ob 19.00 MGLC Ple\u010dnik auditorium, nedelja, 12. maj 2024, ob 5.08 (zjutraj) Lo\u0161ki muzej \u0160kofja Loka, nedelja, 12. maj 2024, ob 18.00 ptice \u25cf Eduardo Raon\u00a0\u25cf Tea Vidmar\u00a0\u25cf \u017diga Jenko\u00a0\u25cf Jure Bor\u0161i\u010d\u00a0\u25cf a l l j a<\/p>\n","protected":false},"author":2,"featured_media":0,"comment_status":"closed","ping_status":"closed","sticky":false,"template":"","format":"standard","meta":{"footnotes":""},"categories":[1],"tags":[],"class_list":["post-2271","post","type-post","status-publish","format-standard","hentry","category-1radiocona"],"_links":{"self":[{"href":"https:\/\/arhiv.cona.si\/slo\/wp-json\/wp\/v2\/posts\/2271","targetHints":{"allow":["GET"]}}],"collection":[{"href":"https:\/\/arhiv.cona.si\/slo\/wp-json\/wp\/v2\/posts"}],"about":[{"href":"https:\/\/arhiv.cona.si\/slo\/wp-json\/wp\/v2\/types\/post"}],"author":[{"embeddable":true,"href":"https:\/\/arhiv.cona.si\/slo\/wp-json\/wp\/v2\/users\/2"}],"replies":[{"embeddable":true,"href":"https:\/\/arhiv.cona.si\/slo\/wp-json\/wp\/v2\/comments?post=2271"}],"version-history":[{"count":23,"href":"https:\/\/arhiv.cona.si\/slo\/wp-json\/wp\/v2\/posts\/2271\/revisions"}],"predecessor-version":[{"id":2874,"href":"https:\/\/arhiv.cona.si\/slo\/wp-json\/wp\/v2\/posts\/2271\/revisions\/2874"}],"wp:attachment":[{"href":"https:\/\/arhiv.cona.si\/slo\/wp-json\/wp\/v2\/media?parent=2271"}],"wp:term":[{"taxonomy":"category","embeddable":true,"href":"https:\/\/arhiv.cona.si\/slo\/wp-json\/wp\/v2\/categories?post=2271"},{"taxonomy":"post_tag","embeddable":true,"href":"https:\/\/arhiv.cona.si\/slo\/wp-json\/wp\/v2\/tags?post=2271"}],"curies":[{"name":"wp","href":"https:\/\/api.w.org\/{rel}","templated":true}]}}