{"id":2223,"date":"2023-12-19T14:04:34","date_gmt":"2023-12-19T12:04:34","guid":{"rendered":"https:\/\/arhiv.cona.si\/slo\/?p=2223"},"modified":"2023-12-21T21:15:19","modified_gmt":"2023-12-21T19:15:19","slug":"program-preview-for-2024","status":"publish","type":"post","link":"https:\/\/arhiv.cona.si\/slo\/2023\/12\/19\/program-preview-for-2024\/","title":{"rendered":"Napoved programa 2024"},"content":{"rendered":"<p style=\"text-align: left;\"><a href=\"https:\/\/www.steklenik.si\/napoved-programa-2024\/\"><img loading=\"lazy\" decoding=\"async\" class=\"size-thumbnail wp-image-2232 alignleft\" src=\"https:\/\/arhiv.cona.si\/slo\/wp-content\/uploads\/sites\/2\/2023\/12\/2-150x150.jpg\" alt=\"\" width=\"150\" height=\"150\" srcset=\"https:\/\/arhiv.cona.si\/slo\/wp-content\/uploads\/sites\/2\/2023\/12\/2-150x150.jpg 150w, https:\/\/arhiv.cona.si\/slo\/wp-content\/uploads\/sites\/2\/2023\/12\/2-300x300.jpg 300w, https:\/\/arhiv.cona.si\/slo\/wp-content\/uploads\/sites\/2\/2023\/12\/2-768x768.jpg 768w, https:\/\/arhiv.cona.si\/slo\/wp-content\/uploads\/sites\/2\/2023\/12\/2.jpg 1000w\" sizes=\"auto, (max-width: 150px) 100vw, 150px\" \/><\/a><a href=\"https:\/\/www.steklenik.si\/napoved-programa-2024\/\">Program za leto 2024<\/a><br \/>\n<b><br \/>\n<\/b>Zoomuzikolo\u0161ki zvo\u010dni dogodki,<br \/>\nakuzmati\u010dni cikel,<br \/>\nbiotremolo\u0161ko zvo\u010dno delo,<br \/>\nfestival TO)pot in novi zvo\u010dni sprehodi!<\/p>\n<p><!--more--><\/p>\n<p>Leto 2023 po\u010dasi odzvanja, v naslednjem obdobju pa smo pri Coni ustvarili pester nabor zvo\u010dnih dogodkov v \u017eivo, predavanj in delavnic, v sodelovanju z umetniki, znanstvenicami in teoretiki: <strong>Augenmas in beepblip, Gaja Me\u017enari\u0107 Osole, Bo\u0161tjan Perov\u0161ek, Karmen Ponikvar in Nika van Berkel, OR poiesis, Irena Pivka, Katarina Radaljac, Eduardo Raon, Ur\u0161ka Savi\u010d, Bojana \u0160alji\u010d Pode\u0161va, Tea Vidmar, Du\u0161an Zidar, Brane Zorman, Elena Biserna, Colin Black, Juan Jos\u00e9 L\u00f3pez D\u00edez, Patrick K.-H., Elizbieta Sikora, Jacek Smolicki, Daniel Teruggi, Mauricio Valdes<\/strong> in drugi.<\/p>\n<p>Veselimo se \u0161e naprej razvijati ob\u010dutljivost za podro\u010dje bioakustike, zvo\u010dne ekologije in raziskovati lokacijske medije ter zvo\u010dno umetnost. Za vas pripravljamo raziskovalno-umetni\u0161ke projekte, ki preko hoje, poslu\u0161anja narave, prostora in krajine vklju\u010dujejo prebivalce ekosistema.<\/p>\n<p>Med drugimi se vidimo\/sli\u0161imo v letu 2024 na:<\/p>\n<p>Dvodnevnem<strong> akuzmati\u010dnem ciklu<\/strong> z zvo\u010dnimi dogodki v \u017eivo in poslu\u0161alnicami priznanih slovenskih in mednarodnih umetnic_kov. Predstavitvi<strong> AR zvo\u010dnega sprehoda <i>VRToglavi VRT<\/i><\/strong>, katerega<b><i> <\/i><\/b>spekulativna zgodba izpostavlja te\u017eaven odnos ljudi in rastlin. <strong>Zoomuzikolo\u0161ki zvo\u010dni dogodki<\/strong><b>, <\/b>kjer bomo v sklopu Mednarodnega dne poslu\u0161anja zore prisluhnili medvrstnem zvo\u010dnem ustvarjanju. <strong>Biotremolo\u0161ko zvo\u010dno umetni\u0161ko delo<\/strong> umetnikov in znanstvenika, ki tematizira pojavnost in komunikacijo \u017eu\u017eelk. <strong><i>Festival korenite zvo\u010dne hoje TO)pot<\/i><\/strong><b>,<\/b> ki zdru\u017euje umetnice in umetnike, teoreti\u010darke in teoretike ter radovedno javnost, ki hojo in poslu\u0161anje do\u017eivljajo kot prostorsko uresni\u010ditev kraja in telesa. V sklopu festivala bomo predstavili tudi ve\u010d novih zvo\u010dnih sprehodov. Produkcija novega umetni\u0161kega dela <strong><i>Zvo\u010dna arheologija<\/i><\/strong><b><i>, <\/i><\/b>ki izpostavlja pomen notranjega glasu v navezavi z umetno inteligenco.<\/p>\n\n\t\t<style type=\"text\/css\">\n\t\t\t#gallery-1 {\n\t\t\t\tmargin: auto;\n\t\t\t}\n\t\t\t#gallery-1 .gallery-item {\n\t\t\t\tfloat: left;\n\t\t\t\tmargin-top: 10px;\n\t\t\t\ttext-align: center;\n\t\t\t\twidth: 20%;\n\t\t\t}\n\t\t\t#gallery-1 img {\n\t\t\t\tborder: 2px solid #cfcfcf;\n\t\t\t}\n\t\t\t#gallery-1 .gallery-caption {\n\t\t\t\tmargin-left: 0;\n\t\t\t}\n\t\t\t\/* see gallery_shortcode() in wp-includes\/media.php *\/\n\t\t<\/style>\n\t\t<div id='gallery-1' class='gallery galleryid-2223 gallery-columns-5 gallery-size-thumbnail'><dl class='gallery-item'>\n\t\t\t<dt class='gallery-icon landscape'>\n\t\t\t\t<a href='https:\/\/arhiv.cona.si\/slo\/2023\/12\/19\/program-preview-for-2024\/dsf4756-foto-matej-tomazin-arhiv-cona\/'><img loading=\"lazy\" decoding=\"async\" width=\"150\" height=\"150\" src=\"https:\/\/arhiv.cona.si\/slo\/wp-content\/uploads\/sites\/2\/2023\/12\/DSF4756-Foto-Matej-Tomazin-arhiv-CONA-150x150.jpg\" class=\"attachment-thumbnail size-thumbnail\" alt=\"\" \/><\/a>\n\t\t\t<\/dt><\/dl><dl class='gallery-item'>\n\t\t\t<dt class='gallery-icon landscape'>\n\t\t\t\t<a href='https:\/\/arhiv.cona.si\/slo\/2023\/12\/19\/program-preview-for-2024\/topot_11-foto-blaz-gutman-arhiv-cukrarna\/'><img loading=\"lazy\" decoding=\"async\" width=\"150\" height=\"150\" src=\"https:\/\/arhiv.cona.si\/slo\/wp-content\/uploads\/sites\/2\/2023\/12\/TOpot_11-Foto-Blaz-Gutman-arhiv-Cukrarna-150x150.jpg\" class=\"attachment-thumbnail size-thumbnail\" alt=\"\" \/><\/a>\n\t\t\t<\/dt><\/dl><dl class='gallery-item'>\n\t\t\t<dt class='gallery-icon landscape'>\n\t\t\t\t<a href='https:\/\/arhiv.cona.si\/slo\/2023\/12\/19\/program-preview-for-2024\/kat5466_foto-kaja_goljat\/'><img loading=\"lazy\" decoding=\"async\" width=\"150\" height=\"150\" src=\"https:\/\/arhiv.cona.si\/slo\/wp-content\/uploads\/sites\/2\/2023\/12\/KAT5466_foto-Kaja_GOLJAT-150x150.jpg\" class=\"attachment-thumbnail size-thumbnail\" alt=\"\" \/><\/a>\n\t\t\t<\/dt><\/dl><dl class='gallery-item'>\n\t\t\t<dt class='gallery-icon landscape'>\n\t\t\t\t<a href='https:\/\/arhiv.cona.si\/slo\/2023\/12\/19\/program-preview-for-2024\/dsf4969-foto-matej-tomazin-arhiv-cona\/'><img loading=\"lazy\" decoding=\"async\" width=\"150\" height=\"150\" src=\"https:\/\/arhiv.cona.si\/slo\/wp-content\/uploads\/sites\/2\/2023\/12\/DSF4969-Foto-Matej-Tomazin-arhiv-CONA-150x150.jpg\" class=\"attachment-thumbnail size-thumbnail\" alt=\"\" \/><\/a>\n\t\t\t<\/dt><\/dl><dl class='gallery-item'>\n\t\t\t<dt class='gallery-icon landscape'>\n\t\t\t\t<a href='https:\/\/arhiv.cona.si\/slo\/2023\/12\/19\/program-preview-for-2024\/dsf4689-foto-matej-tomazin-arhiv-cona\/'><img loading=\"lazy\" decoding=\"async\" width=\"150\" height=\"150\" src=\"https:\/\/arhiv.cona.si\/slo\/wp-content\/uploads\/sites\/2\/2023\/12\/DSF4689-Foto-Matej-Tomazin-arhiv-CONA-150x150.jpg\" class=\"attachment-thumbnail size-thumbnail\" alt=\"\" \/><\/a>\n\t\t\t<\/dt><\/dl><br style=\"clear: both\" \/>\n\t\t<\/div>\n\n<p><span style=\"text-size: 10px!important;\">Foto: Matej Toma\u017ein, Cona archive, Bla\u017e Gutman, Cukrarna archive, Kaja Goljat, konS archive.<\/span><\/p>\n<p>V letu 2024 se veselimo sodelovanja z znanstvenimi in umetni\u0161kimi partnerji in sodelujo\u010dimi institucijami: Arboretum Vol\u010dji Potok, DOPPS, dru\u0161tvo Trajna, Cukrarna, Kino \u0160i\u0161ka, MGLC, Notranjski regijski park, NIB, Apollonia, Out Of The Box Arc Company, Teatri ODA. Na\u0161 program sofinancirajo: MOL, Oddelek za kulturo, MJU RS, MK RS, program Ustvarjalna Evropa.<\/p>\n<p>&nbsp;<\/p>\n","protected":false},"excerpt":{"rendered":"<p>Program za leto 2024 Zoomuzikolo\u0161ki zvo\u010dni dogodki, akuzmati\u010dni cikel, biotremolo\u0161ko zvo\u010dno delo, festival TO)pot in novi zvo\u010dni sprehodi!<\/p>\n","protected":false},"author":2,"featured_media":0,"comment_status":"closed","ping_status":"closed","sticky":false,"template":"","format":"standard","meta":{"footnotes":""},"categories":[1],"tags":[],"class_list":["post-2223","post","type-post","status-publish","format-standard","hentry","category-1radiocona"],"_links":{"self":[{"href":"https:\/\/arhiv.cona.si\/slo\/wp-json\/wp\/v2\/posts\/2223","targetHints":{"allow":["GET"]}}],"collection":[{"href":"https:\/\/arhiv.cona.si\/slo\/wp-json\/wp\/v2\/posts"}],"about":[{"href":"https:\/\/arhiv.cona.si\/slo\/wp-json\/wp\/v2\/types\/post"}],"author":[{"embeddable":true,"href":"https:\/\/arhiv.cona.si\/slo\/wp-json\/wp\/v2\/users\/2"}],"replies":[{"embeddable":true,"href":"https:\/\/arhiv.cona.si\/slo\/wp-json\/wp\/v2\/comments?post=2223"}],"version-history":[{"count":5,"href":"https:\/\/arhiv.cona.si\/slo\/wp-json\/wp\/v2\/posts\/2223\/revisions"}],"predecessor-version":[{"id":2234,"href":"https:\/\/arhiv.cona.si\/slo\/wp-json\/wp\/v2\/posts\/2223\/revisions\/2234"}],"wp:attachment":[{"href":"https:\/\/arhiv.cona.si\/slo\/wp-json\/wp\/v2\/media?parent=2223"}],"wp:term":[{"taxonomy":"category","embeddable":true,"href":"https:\/\/arhiv.cona.si\/slo\/wp-json\/wp\/v2\/categories?post=2223"},{"taxonomy":"post_tag","embeddable":true,"href":"https:\/\/arhiv.cona.si\/slo\/wp-json\/wp\/v2\/tags?post=2223"}],"curies":[{"name":"wp","href":"https:\/\/api.w.org\/{rel}","templated":true}]}}