{"id":2105,"date":"2023-10-03T12:53:32","date_gmt":"2023-10-03T10:53:32","guid":{"rendered":"https:\/\/arhiv.cona.si\/slo\/?p=2105"},"modified":"2023-11-07T15:59:01","modified_gmt":"2023-11-07T13:59:01","slug":"or-poiesis-furiforu-fluvial","status":"publish","type":"post","link":"https:\/\/arhiv.cona.si\/slo\/2023\/10\/03\/or-poiesis-furiforu-fluvial\/","title":{"rendered":"OR poiesis: Fur\u012bf\u014dru \/ fluvial"},"content":{"rendered":"<p><em><img loading=\"lazy\" decoding=\"async\" class=\"size-thumbnail wp-image-2106 alignleft\" src=\"https:\/\/arhiv.cona.si\/slo\/wp-content\/uploads\/sites\/2\/2023\/10\/fe148310-e2b1-4348-ff40-7dd5fa51f09f-150x150.jpg\" alt=\"\" width=\"150\" height=\"150\" \/><span class=\"s10\">Zvo\u010dni dogodek v \u017eivo<br \/>\nV sklopu\u00a0<a href=\"https:\/\/www.mfru.org\/\" target=\"_blank\" rel=\"noopener\">29. Mednarodnega festivala ra\u010dunalni\u0161ke umetnosti<\/a><br \/>\nNedelja, 8. oktober 2023, ob 19.00, Vetrinjski dvor<\/span><\/em><\/p>\n<p><em>Fur\u012bf\u014dru \/ fluvial<\/em> zasleduje ekstati\u010den ob\u010dutek lebdenja v sferi\u010dni glasbi slapov.<\/p>\n<p><!--more--><\/p>\n<div class=\"xdj266r x11i5rnm xat24cr x1mh8g0r x1vvkbs x126k92a\">\n<div dir=\"auto\">\n<p>Kakor da se v prostem padu vode, njeni razpr\u0161itvi, treso\u010dih udarcih vodnih molekul na kamen strastno ustvarja neskon\u010dna privla\u010dnost, vrhunec brez \u010dasa, zanosno vibracijsko polje, ki privzdiguje telesa.<\/p>\n<p>Osrednja inspiracija kompozicije je dinamika med gravitacijo in lebdenjem. Poglablja se v elementarnost teles in njihove raznolike ritme \u2013 vodne, mineralne, atmosferske. Smo hipni gostje prepletenega kozmi\u010dnega organizma. Resonanca globoko dolo\u010da bivanje, prav tako tudi temporalna asinhronost. Vodno in mineralno telo so-vibrira skozi dih (atmo-), znotraj in zunaj obstaja le v polju vidnega. Delo je ustvarjeno z avtori\u010dnimi performativnimi terenskimi posnetki slapov in kamenin (posneto med leti 2012 \u2013 2023 na terenih: slap \u0160umik in Skalce na Pohorju, slap Veli Vir v slovenski Istri, reka Nadi\u017ea, in drugi, posnetki kamnitega instrumenta KAMIsTONE). Poudarek zvo\u010dne obdelave je v iskanju frekven\u010dne resonance ter fluvialni kompoziciji. <em>Fur\u012bf\u014dru \/ fluvial<\/em> je umetnica premierno izvedla v sklopu festivala The Vienna Acousmonium v Kino \u0160i\u0161ka v Ljubljani (marec 2023), produkcija CONA Ljubljana in Thomas Gorbach &amp; The Vienna Acousmonium.<\/p>\n\n\t\t<style type=\"text\/css\">\n\t\t\t#gallery-1 {\n\t\t\t\tmargin: auto;\n\t\t\t}\n\t\t\t#gallery-1 .gallery-item {\n\t\t\t\tfloat: left;\n\t\t\t\tmargin-top: 10px;\n\t\t\t\ttext-align: center;\n\t\t\t\twidth: 33%;\n\t\t\t}\n\t\t\t#gallery-1 img {\n\t\t\t\tborder: 2px solid #cfcfcf;\n\t\t\t}\n\t\t\t#gallery-1 .gallery-caption {\n\t\t\t\tmargin-left: 0;\n\t\t\t}\n\t\t\t\/* see gallery_shortcode() in wp-includes\/media.php *\/\n\t\t<\/style>\n\t\t<div id='gallery-1' class='gallery galleryid-2105 gallery-columns-3 gallery-size-thumbnail'><dl class='gallery-item'>\n\t\t\t<dt class='gallery-icon landscape'>\n\t\t\t\t<a href='https:\/\/arhiv.cona.si\/slo\/wp-content\/uploads\/sites\/2\/2023\/10\/FBP6407_Photo-Andraz_Fijavz_Bacovnik.jpg'><img loading=\"lazy\" decoding=\"async\" width=\"150\" height=\"150\" src=\"https:\/\/arhiv.cona.si\/slo\/wp-content\/uploads\/sites\/2\/2023\/10\/FBP6407_Photo-Andraz_Fijavz_Bacovnik-150x150.jpg\" class=\"attachment-thumbnail size-thumbnail\" alt=\"\" \/><\/a>\n\t\t\t<\/dt><\/dl><dl class='gallery-item'>\n\t\t\t<dt class='gallery-icon landscape'>\n\t\t\t\t<a href='https:\/\/arhiv.cona.si\/slo\/wp-content\/uploads\/sites\/2\/2023\/10\/FBP6427_Photo-Andraz_Fijavz_Bacovnik.jpg'><img loading=\"lazy\" decoding=\"async\" width=\"150\" height=\"150\" src=\"https:\/\/arhiv.cona.si\/slo\/wp-content\/uploads\/sites\/2\/2023\/10\/FBP6427_Photo-Andraz_Fijavz_Bacovnik-150x150.jpg\" class=\"attachment-thumbnail size-thumbnail\" alt=\"\" \/><\/a>\n\t\t\t<\/dt><\/dl><dl class='gallery-item'>\n\t\t\t<dt class='gallery-icon landscape'>\n\t\t\t\t<a href='https:\/\/arhiv.cona.si\/slo\/wp-content\/uploads\/sites\/2\/2023\/10\/DSF2789_Photo-Matej_Tomazin.jpg'><img loading=\"lazy\" decoding=\"async\" width=\"150\" height=\"150\" src=\"https:\/\/arhiv.cona.si\/slo\/wp-content\/uploads\/sites\/2\/2023\/10\/DSF2789_Photo-Matej_Tomazin-150x150.jpg\" class=\"attachment-thumbnail size-thumbnail\" alt=\"\" \/><\/a>\n\t\t\t<\/dt><\/dl><br style=\"clear: both\" \/>\n\t\t<\/div>\n\n<\/div>\n<\/div>\n","protected":false},"excerpt":{"rendered":"<p>Zvo\u010dni dogodek v \u017eivo V sklopu\u00a029. Mednarodnega festivala ra\u010dunalni\u0161ke umetnosti Nedelja, 8. oktober 2023, ob 19.00, Vetrinjski dvor Fur\u012bf\u014dru \/ fluvial zasleduje ekstati\u010den ob\u010dutek lebdenja v sferi\u010dni glasbi slapov.<\/p>\n","protected":false},"author":2,"featured_media":0,"comment_status":"closed","ping_status":"closed","sticky":false,"template":"","format":"standard","meta":{"footnotes":""},"categories":[3],"tags":[],"class_list":["post-2105","post","type-post","status-publish","format-standard","hentry","category-5cona"],"_links":{"self":[{"href":"https:\/\/arhiv.cona.si\/slo\/wp-json\/wp\/v2\/posts\/2105","targetHints":{"allow":["GET"]}}],"collection":[{"href":"https:\/\/arhiv.cona.si\/slo\/wp-json\/wp\/v2\/posts"}],"about":[{"href":"https:\/\/arhiv.cona.si\/slo\/wp-json\/wp\/v2\/types\/post"}],"author":[{"embeddable":true,"href":"https:\/\/arhiv.cona.si\/slo\/wp-json\/wp\/v2\/users\/2"}],"replies":[{"embeddable":true,"href":"https:\/\/arhiv.cona.si\/slo\/wp-json\/wp\/v2\/comments?post=2105"}],"version-history":[{"count":3,"href":"https:\/\/arhiv.cona.si\/slo\/wp-json\/wp\/v2\/posts\/2105\/revisions"}],"predecessor-version":[{"id":2141,"href":"https:\/\/arhiv.cona.si\/slo\/wp-json\/wp\/v2\/posts\/2105\/revisions\/2141"}],"wp:attachment":[{"href":"https:\/\/arhiv.cona.si\/slo\/wp-json\/wp\/v2\/media?parent=2105"}],"wp:term":[{"taxonomy":"category","embeddable":true,"href":"https:\/\/arhiv.cona.si\/slo\/wp-json\/wp\/v2\/categories?post=2105"},{"taxonomy":"post_tag","embeddable":true,"href":"https:\/\/arhiv.cona.si\/slo\/wp-json\/wp\/v2\/tags?post=2105"}],"curies":[{"name":"wp","href":"https:\/\/api.w.org\/{rel}","templated":true}]}}