{"id":2103,"date":"2023-10-03T12:50:28","date_gmt":"2023-10-03T10:50:28","guid":{"rendered":"https:\/\/arhiv.cona.si\/slo\/?p=2103"},"modified":"2023-11-14T09:40:37","modified_gmt":"2023-11-14T07:40:37","slug":"brane-zorman-the-tree-spirits-touch","status":"publish","type":"post","link":"https:\/\/arhiv.cona.si\/slo\/2023\/10\/03\/brane-zorman-the-tree-spirits-touch\/","title":{"rendered":"Brane Zorman: Duh Dreves I Dotik"},"content":{"rendered":"<p><img loading=\"lazy\" decoding=\"async\" class=\"size-thumbnail wp-image-5261 alignleft\" src=\"https:\/\/arhiv.cona.si\/wp-content\/uploads\/2023\/10\/1653990746632-1-150x150.jpg\" alt=\"\" width=\"150\" height=\"150\" \/>ve\u010dkanalna zvo\u010dna instalacija<br \/>\n<span class=\"s10\">6 \u2013 22 oktober 2023 <span style=\"color: #ff0000;\"><span style=\"color: #000000;\">(odpovedano s strani organizatorja)<\/span><br \/>\n<\/span><\/span><span class=\"s10\">v sklopu festivala <em><a href=\"https:\/\/festival-izis.org\/en\/\">IZIS<\/a><\/em>, PINA, Koper<\/span><\/p>\n<p>Zvo\u010dno delo reflektira \u017eivljenja dreves in spekulira o njihovi zvo\u010dni komponenti.<\/p>\n<p><!--more--><\/p>\n<div class=\"xdj266r x11i5rnm xat24cr x1mh8g0r x1vvkbs x126k92a\">\n<div dir=\"auto\">\n<p>Zvo\u010dni posnetki dajejo glas \u017eivljenju drevesa v njegovem letnem in \u017eivljenjskem ciklu, ki se za\u010dne in kon\u010da s ti\u0161ino. Ti\u0161ino pred spomladanskim pretokom drevesnih sokov in ti\u0161ino po uni\u010denju zaradi klimatskih sprememb, su\u0161e, po\u017earov. Brane Zorman je z delom <em>Duh dreves I Dotik<\/em> med tremi prejemniki<a href=\"https:\/\/www.rtvslo.si\/kultura\/glasba\/brane-zorman-z-bioakusticnim-delom-med-tremi-prejemniki-nagrade-palma-ars-acustica\/629891\"> nagrade Palma Ars Acustica 2022<\/a>. O konceptualizaciji dela v pdf knji\u017eici (mogo\u010d je nakup tiskane verzije) <a href=\"https:\/\/www.steklenik.si\/wp-content\/uploads\/2021\/05\/Brane-Zorman_duh-dreves_FIN_lek_compressed_compressed.pdf\">na tej povezavi.<\/a><\/p>\n<p>Avtor namenja posebno pozornost dotiku drevesa; kot obliki skrbi in zavedanja sobivanja z rastlinami in na drugi strani destruktivnemu dotiku okoljskega uni\u010denja. Od zvokov dotikanja debla, drgnjenja vej, drobljenja odpadlega lubja, listov, vetra v kro\u0161njah, vode, ki napaja korenine, avtor zvo\u010dno prehaja skozi fizi\u010dni obstoj drevesa. Vse tja do lomljenja vej, podiranja dreves in ognja, ki kot opozorilo pred prihajajo\u010do su\u0161o grobo zare\u017ee v habitat gozda.<\/p>\n<\/div>\n<\/div>\n","protected":false},"excerpt":{"rendered":"<p>ve\u010dkanalna zvo\u010dna instalacija 6 \u2013 22 oktober 2023 (odpovedano s strani organizatorja) v sklopu festivala IZIS, PINA, Koper Zvo\u010dno delo reflektira \u017eivljenja dreves in spekulira o njihovi zvo\u010dni komponenti.<\/p>\n","protected":false},"author":2,"featured_media":0,"comment_status":"closed","ping_status":"closed","sticky":false,"template":"","format":"standard","meta":{"footnotes":""},"categories":[1],"tags":[],"class_list":["post-2103","post","type-post","status-publish","format-standard","hentry","category-1radiocona"],"_links":{"self":[{"href":"https:\/\/arhiv.cona.si\/slo\/wp-json\/wp\/v2\/posts\/2103","targetHints":{"allow":["GET"]}}],"collection":[{"href":"https:\/\/arhiv.cona.si\/slo\/wp-json\/wp\/v2\/posts"}],"about":[{"href":"https:\/\/arhiv.cona.si\/slo\/wp-json\/wp\/v2\/types\/post"}],"author":[{"embeddable":true,"href":"https:\/\/arhiv.cona.si\/slo\/wp-json\/wp\/v2\/users\/2"}],"replies":[{"embeddable":true,"href":"https:\/\/arhiv.cona.si\/slo\/wp-json\/wp\/v2\/comments?post=2103"}],"version-history":[{"count":5,"href":"https:\/\/arhiv.cona.si\/slo\/wp-json\/wp\/v2\/posts\/2103\/revisions"}],"predecessor-version":[{"id":2156,"href":"https:\/\/arhiv.cona.si\/slo\/wp-json\/wp\/v2\/posts\/2103\/revisions\/2156"}],"wp:attachment":[{"href":"https:\/\/arhiv.cona.si\/slo\/wp-json\/wp\/v2\/media?parent=2103"}],"wp:term":[{"taxonomy":"category","embeddable":true,"href":"https:\/\/arhiv.cona.si\/slo\/wp-json\/wp\/v2\/categories?post=2103"},{"taxonomy":"post_tag","embeddable":true,"href":"https:\/\/arhiv.cona.si\/slo\/wp-json\/wp\/v2\/tags?post=2103"}],"curies":[{"name":"wp","href":"https:\/\/api.w.org\/{rel}","templated":true}]}}