{"id":2074,"date":"2023-08-25T09:51:07","date_gmt":"2023-08-25T07:51:07","guid":{"rendered":"https:\/\/arhiv.cona.si\/slo\/?p=2074"},"modified":"2023-11-07T15:22:48","modified_gmt":"2023-11-07T13:22:48","slug":"irena-pivka-brane-zorman-globoka-hisa","status":"publish","type":"post","link":"https:\/\/arhiv.cona.si\/slo\/2023\/08\/25\/irena-pivka-brane-zorman-globoka-hisa\/","title":{"rendered":"Irena Pivka, Brane Zorman: Globoka hi\u0161a"},"content":{"rendered":"<p><img loading=\"lazy\" decoding=\"async\" class=\"wp-image-5233 size-thumbnail alignleft\" src=\"https:\/\/arhiv.cona.si\/wp-content\/uploads\/2023\/08\/ravnikar-square-150x150.jpg\" alt=\"\" width=\"150\" height=\"150\" \/>Zvo\u010dni sprehod<br \/>\nV okviru <a href=\"https:\/\/www.cd-cc.si\/kultura\/literatura-in-humanistika\/irena-pivka-brane-zorman-globoka-hisa\" target=\"_blank\" rel=\"noopener\">Dneva odprtih vrat CD<\/a><br \/>\n12. september 2023, ob 12.00, 17.00 in 19.00<\/p>\n<p>Zgodba razpira poglede na arhitekturo Edvarda Ravnikarja in njegovih sodelavcev na gradnjo.<\/p>\n<p><!--more--><\/p>\n<p>Avtorja sta v zvo\u010dno zgodbo vklju\u010dila \u0161tevilne citate in misli arhitektov, pa tudi politikov in kulturnikov, povezanih z gradnjo Cankarjevega doma. Prepletata pa jo poezija in dramatika izbranih umetnikov. Subtilen in pomensko ve\u010dplasten zvo\u010dni sprehod, ki v kontekstu sedanjosti orisuje obdobje gradnje in samo arhitekturo stavbe, lahko zavzeto ob\u010dinstvo obogati z raziskovanjem zapisanih virov in tako dostopa do bolj poglobljenega znanja.<\/p>\n<p><strong>Vstop prost, prijave do 10. 9. na <a href=\"mailto:kristina.jermancic@cd-cc.si\">kristina.jermancic@cd-cc.si<\/a>.<\/strong><\/p>\n<p>Avtorja sta v zvo\u010dno zgodbo vklju\u010dila \u0161tevilne citate in misli arhitektov, pa tudi politikov in kulturnikov, povezanih z gradnjo Cankarjevega doma, prepleta pa jo poezija in dramatika izbranih umetnikov. Subtilen in pomensko ve\u010dplasten zvo\u010dni sprehod, ki v kontekstu sedanjosti orisuje \u010das gradnje in samo arhitekturo stavbe, lahko anga\u017eirana publika obogati z raziskovanjem zapisanih virov in tako dostopa do bolj poglobljenih znanj.<\/p>\n<p>Zvo\u010dna zgodba se dotika \u0161ir\u0161ega Ravnikarjevega ustvarjalnega opusa. Od snovanja <i>Trga republike<\/i>, zelo zahtevnega in dolgotrajnega prostorskega posega, do pedago\u0161kega dela na \u0160oli za arhitekturo v Ljubljani. V zna\u010dilno razumevanje mestnega prostora je Ravnikar vklju\u010deval \u0161tevilne arhitekte_ke, \u0161tudente_ke, ki so v dialogu s politiko in \u0161ir\u0161o stroko postavili temelj kakovostnega oblikovanja prostora v modernisti\u010dno mediteranskem duhu.<span class=\"Apple-converted-space\">\u00a0<\/span><\/p>\n<p><strong>KOLOFON<\/strong><\/p>\n<p>Zasnova dela in besedilo: Irena Pivka<br \/>\nZasnova dela in zvo\u010dna kompozicija: Brane Zorman<br \/>\nGlasovna interpretacija: Nada Vodu\u0161ek, Robert Vrtov\u0161ek, Toni Cahunek, Jure Longika, Nata\u0161a \u017divkovi\u010d<br \/>\nStrokovni pregled besedila: dr. Bogo Zupan\u010di\u010d, dr. Milo\u0161 Kosec<br \/>\nStrokovni pregled tehni\u010dnih opisov: Karmen Klu\u010dar<br \/>\nVodja projekta: Sa\u0161a Globa\u010dnik (Cankarjev dom)<br \/>\nLektura besedila: Melita Sili\u010d<br \/>\nOblikovanje: Edin Alibe\u0161ter (Cankarjev dom)<br \/>\nProdukcija: Cankarjev dom, september 2023 (ob letu Edvarda Ravnikarja), zanj Ur\u0161ula Cetinski, generalna direktorica<\/p>\n<p>&nbsp;<\/p>\n<p><img loading=\"lazy\" decoding=\"async\" class=\"alignnone wp-image-5234\" src=\"https:\/\/arhiv.cona.si\/wp-content\/uploads\/2023\/08\/Cankarjev-Dom-300x40.png\" alt=\"\" width=\"188\" height=\"25\" \/><\/p>\n","protected":false},"excerpt":{"rendered":"<p>Zvo\u010dni sprehod V okviru Dneva odprtih vrat CD 12. september 2023, ob 12.00, 17.00 in 19.00 Zgodba razpira poglede na arhitekturo Edvarda Ravnikarja in njegovih sodelavcev na gradnjo.<\/p>\n","protected":false},"author":2,"featured_media":0,"comment_status":"closed","ping_status":"closed","sticky":false,"template":"","format":"standard","meta":{"footnotes":""},"categories":[1],"tags":[],"class_list":["post-2074","post","type-post","status-publish","format-standard","hentry","category-1radiocona"],"_links":{"self":[{"href":"https:\/\/arhiv.cona.si\/slo\/wp-json\/wp\/v2\/posts\/2074","targetHints":{"allow":["GET"]}}],"collection":[{"href":"https:\/\/arhiv.cona.si\/slo\/wp-json\/wp\/v2\/posts"}],"about":[{"href":"https:\/\/arhiv.cona.si\/slo\/wp-json\/wp\/v2\/types\/post"}],"author":[{"embeddable":true,"href":"https:\/\/arhiv.cona.si\/slo\/wp-json\/wp\/v2\/users\/2"}],"replies":[{"embeddable":true,"href":"https:\/\/arhiv.cona.si\/slo\/wp-json\/wp\/v2\/comments?post=2074"}],"version-history":[{"count":4,"href":"https:\/\/arhiv.cona.si\/slo\/wp-json\/wp\/v2\/posts\/2074\/revisions"}],"predecessor-version":[{"id":2136,"href":"https:\/\/arhiv.cona.si\/slo\/wp-json\/wp\/v2\/posts\/2074\/revisions\/2136"}],"wp:attachment":[{"href":"https:\/\/arhiv.cona.si\/slo\/wp-json\/wp\/v2\/media?parent=2074"}],"wp:term":[{"taxonomy":"category","embeddable":true,"href":"https:\/\/arhiv.cona.si\/slo\/wp-json\/wp\/v2\/categories?post=2074"},{"taxonomy":"post_tag","embeddable":true,"href":"https:\/\/arhiv.cona.si\/slo\/wp-json\/wp\/v2\/tags?post=2074"}],"curies":[{"name":"wp","href":"https:\/\/api.w.org\/{rel}","templated":true}]}}