{"id":1912,"date":"2023-04-16T14:24:00","date_gmt":"2023-04-16T12:24:00","guid":{"rendered":"https:\/\/arhiv.cona.si\/slo\/?p=1912"},"modified":"2024-10-21T12:08:23","modified_gmt":"2024-10-21T10:08:23","slug":"david-rothenberg-2","status":"publish","type":"post","link":"https:\/\/arhiv.cona.si\/slo\/2023\/04\/16\/david-rothenberg-2\/","title":{"rendered":"David ROTHENBERG: Delavnica o medvrstnem zvo\u010dnem ustvarjanju"},"content":{"rendered":"<p><strong>uvodno predavanje<\/strong> \/ sreda, 3. maj, od 10.00 do 11.00<br \/>\n<strong>delavnica<\/strong> \/ sobota, 6. maj, od 10.00 do 14.00<br \/>\nzbirno mesto: Trg Prekomorskih brigad 1, Ljubljana<\/p>\n<p><img loading=\"lazy\" decoding=\"async\" class=\"size-thumbnail wp-image-5798 alignleft\" src=\"https:\/\/arhiv.cona.si\/wp-content\/uploads\/2023\/04\/DSF3005-150x150.jpg\" alt=\"\" width=\"150\" height=\"150\" \/>Delavnica je namenjena profesionalnim glasbenikom_cam (vokalistke_i in\/ali akusti\u010dne_i instrumentalistke_i). Cilj delavnice je predstavitev podro\u010dja medvrstne glasbene improvizacije med \u010dlovekom in drugimi ne\u010dlove\u0161kimi \u017eivalskimi vrstami.<\/p>\n<p><strong><a href=\"https:\/\/www.steklenik.si\/david-rothenberg-delavnica-za-medvrstno-zvocno-komuniciranje\/\">VE\u010c O DELAVNICI<\/a><\/strong><\/p>\n<p><!--more--><\/p>\n<p>Delavnica je del spremljevalnega programa projekta <em><a href=\"https:\/\/www.steklenik.si\/eduardo-raon-david-rothenberg-in-tea-vidmar-animotmuzik-medvrstna-zvocna-dogodka-in-predavanji\/\">Eduardo RAON, David ROTHENBERG in Tea VIDMAR: AnimotMUZIK<\/a><\/em>.<\/p>\n<p>Delavnica je namenjena profesionalnim glasbenikom_cam (vokalistke_i in\/ali akusti\u010dne_i instrumentalistke_i). Cilj delavnice je predstavitev podro\u010dja medvrstne glasbene improvizacije med \u010dlovekom in drugimi ne\u010dlove\u0161kimi \u017eivalskimi vrstami.<\/p>\n<div>\n<div><iframe src=\"https:\/\/video.arnes.si\/embed\/d31k6hk7lzb8\" frameborder=\"0\" allowfullscreen=\"allowfullscreen\" data-mce-fragment=\"1\"><\/iframe><\/div>\n<\/div>\n<p>&nbsp;<\/p>\n<p>Sodelujo\u010de_i umetnice_ki bodo pod vodstvom mednarodno priznanega klarinetista Davida ROTHENBERGA, in skupaj s prebivalkami_ci naravnega okolja, ustvarjale medvrstno zvo\u010dno improvizacijo. Tekom delavnice se bodo udele\u017eenke_ci seznanile_i z idejo sensibilizacije za izvedbo medvrstnih zvo\u010dnih dogodkov ter pozornega in \u010duje\u010dega poslu\u0161anja in sodelovanja z ne\u010dlove\u0161kimi \u017eivalskimi vrstami. Prav tako bodo predstavljena tudi eti\u010dna pravila medvrstnega ustvarjanja, ki temeljijo na spo\u0161tljivem odnosu do drugih \u017eivalskih vrst, ki jih dojemamo kot samostojne osebnosti, s svojimi lastnimi \u017eeljami in potrebami po raziskovanju kot tudi odmiku iz stresnih situacije.<\/p>\n<p>Delavnica je bila del spremljevalnega programa projekta <em><a href=\"https:\/\/www.steklenik.si\/eduardo-raon-david-rothenberg-in-tea-vidmar-animotmuzik-medvrstna-zvocna-dogodka-in-predavanji\/\">Eduardo RAON, David ROTHENBERG in Tea VIDMAR: AnimotMUZIK<\/a><\/em>.<\/p>\n<div id=\"gallery-1\" class=\"gallery galleryid-6804 gallery-columns-4 gallery-size-thumbnail\">\n<dl class=\"gallery-item\">\n<dt class=\"gallery-icon portrait\"><a href=\"https:\/\/www.steklenik.si\/david-rothenberg-delavnica-za-medvrstno-zvocno-komuniciranje\/_dsf2999\/\"><img decoding=\"async\" class=\"attachment-thumbnail size-thumbnail\" src=\"https:\/\/www.steklenik.si\/wp-content\/uploads\/2023\/04\/DSF2999-150x150.jpg\" alt=\"\" \/><\/a><\/dt>\n<\/dl>\n<dl class=\"gallery-item\">\n<dt class=\"gallery-icon portrait\"><a href=\"https:\/\/www.steklenik.si\/david-rothenberg-delavnica-za-medvrstno-zvocno-komuniciranje\/img_8980\/\"><img decoding=\"async\" class=\"attachment-thumbnail size-thumbnail\" src=\"https:\/\/www.steklenik.si\/wp-content\/uploads\/2023\/04\/IMG_8980-150x150.jpg\" alt=\"\" \/><\/a><\/dt>\n<\/dl>\n<dl class=\"gallery-item\">\n<dt class=\"gallery-icon landscape\"><a href=\"https:\/\/www.steklenik.si\/david-rothenberg-delavnica-za-medvrstno-zvocno-komuniciranje\/img_8995\/\"><img decoding=\"async\" class=\"attachment-thumbnail size-thumbnail\" src=\"https:\/\/www.steklenik.si\/wp-content\/uploads\/2023\/04\/IMG_8995-150x150.jpg\" alt=\"\" \/><\/a><\/dt>\n<\/dl>\n<dl class=\"gallery-item\">\n<dt class=\"gallery-icon landscape\"><a href=\"https:\/\/www.steklenik.si\/david-rothenberg-delavnica-za-medvrstno-zvocno-komuniciranje\/img_8983\/\"><img decoding=\"async\" class=\"attachment-thumbnail size-thumbnail\" src=\"https:\/\/www.steklenik.si\/wp-content\/uploads\/2023\/04\/IMG_8983-150x150.jpg\" alt=\"\" \/><\/a><\/dt>\n<\/dl>\n<dl class=\"gallery-item\">\n<dt class=\"gallery-icon portrait\"><a href=\"https:\/\/www.steklenik.si\/david-rothenberg-delavnica-za-medvrstno-zvocno-komuniciranje\/img_8997\/\"><img decoding=\"async\" class=\"attachment-thumbnail size-thumbnail\" src=\"https:\/\/www.steklenik.si\/wp-content\/uploads\/2023\/04\/IMG_8997-150x150.jpg\" alt=\"\" \/><\/a><\/dt>\n<\/dl>\n<dl class=\"gallery-item\">\n<dt class=\"gallery-icon landscape\"><a href=\"https:\/\/www.steklenik.si\/david-rothenberg-delavnica-za-medvrstno-zvocno-komuniciranje\/_dsf3003\/\"><img decoding=\"async\" class=\"attachment-thumbnail size-thumbnail\" src=\"https:\/\/www.steklenik.si\/wp-content\/uploads\/2023\/04\/DSF3003-150x150.jpg\" alt=\"\" \/><\/a><\/dt>\n<\/dl>\n<dl class=\"gallery-item\">\n<dt class=\"gallery-icon portrait\"><\/dt>\n<\/dl>\n<\/div>\n<p>Foto: Matej TOMA\u017dIN, arhiv CONA.<\/p>\n<p><a href=\"http:\/\/www.davidrothenberg.net\/\"><b>David ROTHENBERG<\/b><\/a> je glasbenik, skladatelj in pisatelj. Kot ugledni profesor predava filozofijo in glasbo na In\u0161titutu za tehnologijo v Newarku v New Jerseyu. Ukvarja se s preu\u010devanjem odnosa \u010dloveka do narave ter z zvoki ne\u010dlove\u0161kih \u017eivali, ki jih obravnava kot glasbene. Je eden od glavnih ustvarjalcev na podro\u010dju medvrstne glasbe, znan po svojih glasbenih improvizacijah z \u017eivalmi, zlasti pticami, insekti in kiti.<span class=\"Apple-converted-space\">\u00a0<\/span><\/p>\n<p>Projekt podpirata Ministrstvo za kulturo Republike Slovenija in Mestna ob\u010dina Ljubljana, Oddelek za kulturo.<\/p>\n<p><img loading=\"lazy\" decoding=\"async\" class=\"alignnone wp-image-5079\" src=\"https:\/\/www.steklenik.si\/wp-content\/uploads\/2022\/07\/MK-logo-slo-300x67.png\" sizes=\"auto, (max-width: 179px) 100vw, 179px\" srcset=\"https:\/\/www.steklenik.si\/wp-content\/uploads\/2022\/07\/MK-logo-slo-300x67.png 300w, https:\/\/www.steklenik.si\/wp-content\/uploads\/2022\/07\/MK-logo-slo.png 667w\" alt=\"\" width=\"179\" height=\"40\" \/>\u00a0 \u00a0 \u00a0<img loading=\"lazy\" decoding=\"async\" class=\"alignnone wp-image-5076\" src=\"https:\/\/www.steklenik.si\/wp-content\/uploads\/2022\/07\/MOL-logotip-SLO_promocijski_mali_2.jpg\" sizes=\"auto, (max-width: 87px) 100vw, 87px\" srcset=\"https:\/\/www.steklenik.si\/wp-content\/uploads\/2022\/07\/MOL-logotip-SLO_promocijski_mali_2.jpg 695w, https:\/\/www.steklenik.si\/wp-content\/uploads\/2022\/07\/MOL-logotip-SLO_promocijski_mali_2-300x104.jpg 300w\" alt=\"\" width=\"87\" height=\"30\" \/>\u00a0 \u00a0 \u00a0<img loading=\"lazy\" decoding=\"async\" class=\"alignnone wp-image-6651\" src=\"https:\/\/www.steklenik.si\/wp-content\/uploads\/2023\/03\/logo_dopps.png\" sizes=\"auto, (max-width: 49px) 100vw, 49px\" srcset=\"https:\/\/www.steklenik.si\/wp-content\/uploads\/2023\/03\/logo_dopps.png 655w, https:\/\/www.steklenik.si\/wp-content\/uploads\/2023\/03\/logo_dopps-300x300.png 300w, https:\/\/www.steklenik.si\/wp-content\/uploads\/2023\/03\/logo_dopps-150x150.png 150w\" alt=\"\" width=\"49\" height=\"49\" \/>\u00a0 \u00a0 \u00a0\u00a0 \u00a0\u00a0<img loading=\"lazy\" decoding=\"async\" class=\"alignnone wp-image-6653\" src=\"https:\/\/www.steklenik.si\/wp-content\/uploads\/2023\/03\/logo_54841_1_1_.jpg.png\" sizes=\"auto, (max-width: 160px) 100vw, 160px\" srcset=\"https:\/\/www.steklenik.si\/wp-content\/uploads\/2023\/03\/logo_54841_1_1_.jpg.png 1958w, https:\/\/www.steklenik.si\/wp-content\/uploads\/2023\/03\/logo_54841_1_1_.jpg-300x128.png 300w, https:\/\/www.steklenik.si\/wp-content\/uploads\/2023\/03\/logo_54841_1_1_.jpg-768x327.png 768w, https:\/\/www.steklenik.si\/wp-content\/uploads\/2023\/03\/logo_54841_1_1_.jpg-1536x653.png 1536w\" alt=\"\" width=\"160\" height=\"68\" \/> <img loading=\"lazy\" decoding=\"async\" class=\"alignnone wp-image-6654\" src=\"https:\/\/www.steklenik.si\/wp-content\/uploads\/2023\/03\/logo_crn_1.png\" sizes=\"auto, (max-width: 111px) 100vw, 111px\" srcset=\"https:\/\/www.steklenik.si\/wp-content\/uploads\/2023\/03\/logo_crn_1.png 596w, https:\/\/www.steklenik.si\/wp-content\/uploads\/2023\/03\/logo_crn_1-300x132.png 300w\" alt=\"\" width=\"111\" height=\"49\" \/><\/p>\n","protected":false},"excerpt":{"rendered":"<p>uvodno predavanje \/ sreda, 3. maj, od 10.00 do 11.00 delavnica \/ sobota, 6. maj, od 10.00 do 14.00 zbirno mesto: Trg Prekomorskih brigad 1, Ljubljana Delavnica je namenjena profesionalnim glasbenikom_cam (vokalistke_i in\/ali akusti\u010dne_i instrumentalistke_i). Cilj delavnice je predstavitev podro\u010dja medvrstne glasbene improvizacije med \u010dlovekom in drugimi ne\u010dlove\u0161kimi \u017eivalskimi vrstami. VE\u010c O DELAVNICI<\/p>\n","protected":false},"author":2,"featured_media":0,"comment_status":"closed","ping_status":"closed","sticky":false,"template":"","format":"standard","meta":{"footnotes":""},"categories":[3],"tags":[],"class_list":["post-1912","post","type-post","status-publish","format-standard","hentry","category-5cona"],"_links":{"self":[{"href":"https:\/\/arhiv.cona.si\/slo\/wp-json\/wp\/v2\/posts\/1912","targetHints":{"allow":["GET"]}}],"collection":[{"href":"https:\/\/arhiv.cona.si\/slo\/wp-json\/wp\/v2\/posts"}],"about":[{"href":"https:\/\/arhiv.cona.si\/slo\/wp-json\/wp\/v2\/types\/post"}],"author":[{"embeddable":true,"href":"https:\/\/arhiv.cona.si\/slo\/wp-json\/wp\/v2\/users\/2"}],"replies":[{"embeddable":true,"href":"https:\/\/arhiv.cona.si\/slo\/wp-json\/wp\/v2\/comments?post=1912"}],"version-history":[{"count":13,"href":"https:\/\/arhiv.cona.si\/slo\/wp-json\/wp\/v2\/posts\/1912\/revisions"}],"predecessor-version":[{"id":2537,"href":"https:\/\/arhiv.cona.si\/slo\/wp-json\/wp\/v2\/posts\/1912\/revisions\/2537"}],"wp:attachment":[{"href":"https:\/\/arhiv.cona.si\/slo\/wp-json\/wp\/v2\/media?parent=1912"}],"wp:term":[{"taxonomy":"category","embeddable":true,"href":"https:\/\/arhiv.cona.si\/slo\/wp-json\/wp\/v2\/categories?post=1912"},{"taxonomy":"post_tag","embeddable":true,"href":"https:\/\/arhiv.cona.si\/slo\/wp-json\/wp\/v2\/tags?post=1912"}],"curies":[{"name":"wp","href":"https:\/\/api.w.org\/{rel}","templated":true}]}}