{"id":1907,"date":"2023-03-06T12:09:04","date_gmt":"2023-03-06T10:09:04","guid":{"rendered":"https:\/\/arhiv.cona.si\/slo\/?p=1907"},"modified":"2023-03-29T12:09:40","modified_gmt":"2023-03-29T10:09:40","slug":"steklenik-spring-sound-gallery","status":"publish","type":"post","link":"https:\/\/arhiv.cona.si\/slo\/2023\/03\/06\/steklenik-spring-sound-gallery\/","title":{"rendered":"Spomladanska zvo\u010dna galerija Steklenik"},"content":{"rendered":"<p><strong><a href=\"https:\/\/www.steklenik.si\/manja-ristic-sonicna-ontologija-malomarnosti-3\/\">6-kanalna zvo\u010dna instalacija<\/a><\/strong> \/\u00a06. 3. \u2013 31. 5. 2023<br \/>\nBotani\u010dni vrt Se\u017eana ob vili Mirasasso<\/p>\n<p><em><img loading=\"lazy\" decoding=\"async\" class=\"size-thumbnail wp-image-5077 alignleft\" src=\"https:\/\/arhiv.cona.si\/wp-content\/uploads\/2023\/03\/Manja-copy-150x150.jpg\" alt=\"\" width=\"150\" height=\"150\" \/>Soni\u010dna ontologija malomarnosti je tretje zvo\u010dno delo v seriji izbranih del sodelovanja med galerijo Steklenik in Botani\u010dnim vrtom Se\u017eana in temelji na poslu\u0161anju zapu\u0161\u010denih prostorov in krajin, ki jih je \u010dlovek s svojo prisotnostjo in izkori\u0161\u010danjem korenito preoblikoval, zdaj pa so znova \u201cizro\u010deni\u201d naravi.<br \/>\n<\/em><\/p>\n<p><a href=\"https:\/\/www.steklenik.si\/jesenska-zvocna-galerija-steklenik\/\">IZVEDITE VE\u010c<\/a><\/p>\n<p><!--more--><\/p>\n<p>Galerija za zvok, bioakustiko in umetnost Steklenik naslavlja dela, ki preko zvo\u010dne raziskave narave in okolja povezujejo umetni\u0161ke in znanstvene prakse. Dela umetni\u0161kih zvrsti zaobjemajo bioakustiko, zvo\u010dno ekologijo, krajino in umetnost, in so namenjena celostnem prepletanju zvo\u010dnosti in botanike v prostorih rastlinjaka.<\/p>\n<p>Steklenik v rastlinjaku Botani\u010dnega vrta Se\u017eana vzpostavlja povezovalni prostor za snovanje, raziskovanje in izkustvo zvo\u010dnih umetni\u0161kih del in narave. Rastlinjak je tako ume\u0161\u010den v \u0161ir\u0161e polje prostorskega dojemanja, ki poleg zagotavljanja ustreznih pogojev za rast, raziskovanje in ob\u010dudovanje izbranih botani\u010dnih organizmov, nudi svojevrsten kontekst za enake pogoje do\u017eivljanja v njem izvajajo\u010de se zvo\u010dne umetnosti.<\/p>\n","protected":false},"excerpt":{"rendered":"<p>6-kanalna zvo\u010dna instalacija \/\u00a06. 3. \u2013 31. 5. 2023 Botani\u010dni vrt Se\u017eana ob vili Mirasasso Soni\u010dna ontologija malomarnosti je tretje zvo\u010dno delo v seriji izbranih del sodelovanja med galerijo Steklenik in Botani\u010dnim vrtom Se\u017eana in temelji na poslu\u0161anju zapu\u0161\u010denih prostorov in krajin, ki jih je \u010dlovek s svojo prisotnostjo in izkori\u0161\u010danjem korenito preoblikoval, zdaj pa [&hellip;]<\/p>\n","protected":false},"author":2,"featured_media":0,"comment_status":"closed","ping_status":"closed","sticky":false,"template":"","format":"standard","meta":{"footnotes":""},"categories":[1],"tags":[],"class_list":["post-1907","post","type-post","status-publish","format-standard","hentry","category-1radiocona"],"_links":{"self":[{"href":"https:\/\/arhiv.cona.si\/slo\/wp-json\/wp\/v2\/posts\/1907","targetHints":{"allow":["GET"]}}],"collection":[{"href":"https:\/\/arhiv.cona.si\/slo\/wp-json\/wp\/v2\/posts"}],"about":[{"href":"https:\/\/arhiv.cona.si\/slo\/wp-json\/wp\/v2\/types\/post"}],"author":[{"embeddable":true,"href":"https:\/\/arhiv.cona.si\/slo\/wp-json\/wp\/v2\/users\/2"}],"replies":[{"embeddable":true,"href":"https:\/\/arhiv.cona.si\/slo\/wp-json\/wp\/v2\/comments?post=1907"}],"version-history":[{"count":2,"href":"https:\/\/arhiv.cona.si\/slo\/wp-json\/wp\/v2\/posts\/1907\/revisions"}],"predecessor-version":[{"id":1909,"href":"https:\/\/arhiv.cona.si\/slo\/wp-json\/wp\/v2\/posts\/1907\/revisions\/1909"}],"wp:attachment":[{"href":"https:\/\/arhiv.cona.si\/slo\/wp-json\/wp\/v2\/media?parent=1907"}],"wp:term":[{"taxonomy":"category","embeddable":true,"href":"https:\/\/arhiv.cona.si\/slo\/wp-json\/wp\/v2\/categories?post=1907"},{"taxonomy":"post_tag","embeddable":true,"href":"https:\/\/arhiv.cona.si\/slo\/wp-json\/wp\/v2\/tags?post=1907"}],"curies":[{"name":"wp","href":"https:\/\/api.w.org\/{rel}","templated":true}]}}