{"id":1896,"date":"2023-03-17T12:25:16","date_gmt":"2023-03-17T10:25:16","guid":{"rendered":"https:\/\/arhiv.cona.si\/slo\/?p=1896"},"modified":"2023-03-17T12:28:00","modified_gmt":"2023-03-17T10:28:00","slug":"jata-c-kronolit","status":"publish","type":"post","link":"https:\/\/arhiv.cona.si\/slo\/2023\/03\/17\/jata-c-kronolit\/","title":{"rendered":"Jata C: Kronolit"},"content":{"rendered":"<p><strong>zvo\u010dni dogodek v \u017eivo<\/strong> \/ nedelja, 2. april 2023, ob 17.00<br \/>\ndel razstave\u00a0<a href=\"https:\/\/konsekvence.si\/\"><em>konSekvence<\/em><\/a><br \/>\nCukrarna, Ljubljana<\/p>\n<p><img loading=\"lazy\" decoding=\"async\" class=\"size-thumbnail wp-image-5061 alignleft\" src=\"https:\/\/arhiv.cona.si\/wp-content\/uploads\/2023\/03\/gibanja_10.11.22_136-150x150.jpg\" alt=\"\" width=\"150\" height=\"150\" \/>V nedeljo, 2. 4. 2023, ob 17.00, se bo v sklopu zatvoritvenega dogodka programa konSekvenc v Cukrarni odvil zvo\u010dni dogodek v \u017eivo bioakusti\u010dne skupine Jata C z naslovom Kronolit. Delo bo sestavljeno iz ve\u010dkanalne zvo\u010dne kompozicije in kamnite instalacije, ki bo delovala kot enostaven kamnit instrument.<\/p>\n<p><a href=\"https:\/\/www.steklenik.si\/jata-c-kronolit-zvocni-dogodek\/\"><strong>IZVEDITE VE\u010c O DELU<\/strong><\/a><\/p>\n<p><!--more--><\/p>\n<p>Bioakusti\u010dna skupina Jata C predstavlja svoje zvo\u010dno delo in instalacijo Kronolit, ki tematizira svet kamnin, \u010dasovnosti in na\u0161e vpete soodvisnosti. Delo bo sestavljeno iz ve\u010dkanalne zvo\u010dne kompozicije s kamnito instalacijo, ki bo delovala kot enostaven kamnit in\u0161trument.<\/p>\n<p><strong>Jata<\/strong> <strong>C<\/strong> (beepblip, OR poiesis, Bo\u0161tjan PEROV\u0160EK, Bojana \u0160ALJI\u0106 PODE\u0160VA, Brane ZORMAN) je umetni\u0161ka skupina, katere \u010dlani_ce delijo naklonjenost do terenskih posnetkov, bioakustike in zvo\u010dne ekologije. Raziskovanja slu\u0161nih zaznav zdru\u017eujejo z ekolo\u0161kimi in dru\u017ebenimi temami, ki jih razpirajo z znanstvenim diskurzom in izvirnimi predstavami o zvo\u010dnih okoljih. V skladbah posnetke iz neposrednega okolja preoblikujejo v spekulativne projekcije za prihodnost in \u010duje\u010de zaznave sedanjosti. Pri delu uporabljajo \u0161iroko paleto naprav za zajemanje akusti\u010dnih pojavov. Njihove snemalne metode vklju\u010dujejo t. i. globoko poslu\u0161anje z neantropocentri\u010dnim odnosom do biotskih in nebiotskih entitet.<\/p>\n<div class=\"x11i5rnm xat24cr x1mh8g0r x1vvkbs xtlvy1s\">\n<p><strong>Ida HIR\u0160ENFELDER (beepblip)<\/strong>\u00a0deluje v polju zvo\u010dne in intermedijske umetnosti. Zanima jo zgodovina medijev, arhivi, njihovo izginevanje in medijska arheologija. Sodeluje z Muzejem za sodobno umetnost Metelkova, +MSUM, festivalom Topografije zvoka ter v okviru programa radioCona. Z intermedijsko zvo\u010dno umetnico Sa\u0161o Spa\u010dal sta soustanoviteljici Iniciative \u010cIPke. Od leta 2011 do 2017 je bila \u010dlanica DIY zvo\u010dnega kolektiva Theremidi Orchestra.<\/p>\n<p><strong>Petra KAP\u0160 (OR poiesis)<\/strong> je umetnica in raziskovalka zvoka, slu\u0161ne percepcije in poeti\u010dnega performansa. Besedo raz\u0161irja v sonornih sferah \u010dasprostor poezije. Ob vseh digitalnih razse\u017enostih ji je sredi\u0161\u010dna fizi\u010dna prisotnost telesa.<\/p>\n<p><strong>Bo\u0161tjan PEROV\u0160EK<\/strong>, umetnik, skladatelj in oblikovalec zvoka, sklada eksperimentalno elektroakusti\u010dno glasbo. Njegova posebnost je ustvarjanje bioakusti\u010dne glasbe, ki temelji na zvokih \u017eivali, posebej \u017eu\u017eelk. Sodeluje s skupino SAETA, ustvarja pa tudi glasbo za film in gledali\u0161\u010de, performanse, multimedijske instalacije ter zvo\u010dne krajine za muzeje in galerije.<\/p>\n<p><strong>Bojana \u0160ALJI\u0106 PODE\u0160VA<\/strong> se kot skladateljica najbolj posve\u010da raziskovanju zvoka kot entite, ki vpliva na poslu\u0161alca fizi\u010dno in vsebinsko. Njena glasba se razpenja med popolno abstrakcijo in kompleksnimi semanti\u010dnimi jeziki. Je prejemnica vrste nagrad za koncertna dela, scensko in filmsko glasbo.<\/p>\n<p><strong>Brane ZORMAN<\/strong> je intermedijski umetnik, skladatelj, zvo\u010dni manipulator, producent in kurator. Zvo\u010dna dela komponira za gledali\u0161ke, intermedijske in plesne predstave. Elektroakusti\u010dne solo skladbe in improvizacije z doma\u010dimi in tujimi umetniki izvaja v prostorskem zvoku. V odnosu do zvoka in prostora razvija razli\u010dne strategije, tehnike, dinami\u010dne in interaktivne module, snema in reinterpretira zvo\u010dne krajine in z uporabo sofisticiranih orodij kreira elektronske in akusti\u010dne zvo\u010dne skulpture.<\/p>\n<\/div>\n<p>Razstavni del projekta podpirata Ministrstvo za kulturo Republike Slovenije, Oddelek za kulturo Mestne ob\u010dine Ljubljana. Delo je nastalo v okviru projekta konS \u2013 platforme za sodobno raziskovalno umetnost. Zahvaljujemo se podjetju Marmor Hotavlje d.o.o. za dostop do kamnoloma in sponzorstvo za marmorne plo\u0161\u010de za izdelavo instalacije.<\/p>\n<div><img loading=\"lazy\" decoding=\"async\" class=\"alignnone size-full wp-image-5068\" src=\"https:\/\/arhiv.cona.si\/wp-content\/uploads\/2023\/03\/Screenshot-2023-03-17-at-11.20.46.png\" alt=\"\" width=\"1085\" height=\"525\" \/><\/div>\n","protected":false},"excerpt":{"rendered":"<p>zvo\u010dni dogodek v \u017eivo \/ nedelja, 2. april 2023, ob 17.00 del razstave\u00a0konSekvence Cukrarna, Ljubljana V nedeljo, 2. 4. 2023, ob 17.00, se bo v sklopu zatvoritvenega dogodka programa konSekvenc v Cukrarni odvil zvo\u010dni dogodek v \u017eivo bioakusti\u010dne skupine Jata C z naslovom Kronolit. Delo bo sestavljeno iz ve\u010dkanalne zvo\u010dne kompozicije in kamnite instalacije, ki [&hellip;]<\/p>\n","protected":false},"author":2,"featured_media":0,"comment_status":"closed","ping_status":"closed","sticky":false,"template":"","format":"standard","meta":{"footnotes":""},"categories":[1],"tags":[],"class_list":["post-1896","post","type-post","status-publish","format-standard","hentry","category-1radiocona"],"_links":{"self":[{"href":"https:\/\/arhiv.cona.si\/slo\/wp-json\/wp\/v2\/posts\/1896","targetHints":{"allow":["GET"]}}],"collection":[{"href":"https:\/\/arhiv.cona.si\/slo\/wp-json\/wp\/v2\/posts"}],"about":[{"href":"https:\/\/arhiv.cona.si\/slo\/wp-json\/wp\/v2\/types\/post"}],"author":[{"embeddable":true,"href":"https:\/\/arhiv.cona.si\/slo\/wp-json\/wp\/v2\/users\/2"}],"replies":[{"embeddable":true,"href":"https:\/\/arhiv.cona.si\/slo\/wp-json\/wp\/v2\/comments?post=1896"}],"version-history":[{"count":10,"href":"https:\/\/arhiv.cona.si\/slo\/wp-json\/wp\/v2\/posts\/1896\/revisions"}],"predecessor-version":[{"id":1906,"href":"https:\/\/arhiv.cona.si\/slo\/wp-json\/wp\/v2\/posts\/1896\/revisions\/1906"}],"wp:attachment":[{"href":"https:\/\/arhiv.cona.si\/slo\/wp-json\/wp\/v2\/media?parent=1896"}],"wp:term":[{"taxonomy":"category","embeddable":true,"href":"https:\/\/arhiv.cona.si\/slo\/wp-json\/wp\/v2\/categories?post=1896"},{"taxonomy":"post_tag","embeddable":true,"href":"https:\/\/arhiv.cona.si\/slo\/wp-json\/wp\/v2\/tags?post=1896"}],"curies":[{"name":"wp","href":"https:\/\/api.w.org\/{rel}","templated":true}]}}