{"id":178,"date":"2015-04-20T10:08:14","date_gmt":"2015-04-20T08:08:14","guid":{"rendered":"https:\/\/arhiv.cona.si\/slo\/?p=178"},"modified":"2015-04-21T11:08:33","modified_gmt":"2015-04-21T09:08:33","slug":"radioconasoundcampreveil","status":"publish","type":"post","link":"https:\/\/arhiv.cona.si\/slo\/2015\/04\/20\/radioconasoundcampreveil\/","title":{"rendered":"radioCona:soundCamp\/Reveil"},"content":{"rendered":"<p><a href=\"http:\/\/www.radiocona.si\/slo\/2015\/04\/20\/radiocona-soundcampreveil\/\"><img loading=\"lazy\" decoding=\"async\" class=\"alignleft size-thumbnail wp-image-179\" src=\"https:\/\/arhiv.cona.si\/slo\/wp-content\/uploads\/sites\/2\/2015\/04\/RCsoundCamp-mala-150x150.jpg\" alt=\"RCsoundCamp mala\" width=\"150\" height=\"150\" \/><\/a><strong>sobota 2.maj (16:00) &#8211; nedelja 3.maj (6:00), 2015<\/strong><br \/>\n<strong><a href=\"http:\/\/www.radiocona.si\/\">radioCona<\/a>, <a href=\"http:\/\/www.ksevt.eu\/2015\/\">KSEVT<\/a>\u00a0Vitanje<\/strong><\/p>\n<p>radioCona se pridru\u017euje projektu Reveil, angle\u0161ke umetni\u0161ke organizacije soundCamp, pri celodnevnem oddajanju, ki zvezno od mikrofona do mikrofona ob jutranjem svitu potuje po celotni zemeljski obli. <a href=\"http:\/\/www.radiocona.si\/slo\/2015\/04\/20\/radiocona-soundcampreveil\/\">ve\u010d o projektu<\/a><\/p>\n","protected":false},"excerpt":{"rendered":"<p>sobota 2.maj (16:00) &#8211; nedelja 3.maj (6:00), 2015 radioCona, KSEVT\u00a0Vitanje radioCona se pridru\u017euje projektu Reveil, angle\u0161ke umetni\u0161ke organizacije soundCamp, pri celodnevnem oddajanju, ki zvezno od mikrofona do mikrofona ob jutranjem svitu potuje po celotni zemeljski obli. ve\u010d o projektu<\/p>\n","protected":false},"author":2,"featured_media":0,"comment_status":"closed","ping_status":"closed","sticky":false,"template":"","format":"standard","meta":{"footnotes":""},"categories":[1],"tags":[],"class_list":["post-178","post","type-post","status-publish","format-standard","hentry","category-1radiocona"],"_links":{"self":[{"href":"https:\/\/arhiv.cona.si\/slo\/wp-json\/wp\/v2\/posts\/178","targetHints":{"allow":["GET"]}}],"collection":[{"href":"https:\/\/arhiv.cona.si\/slo\/wp-json\/wp\/v2\/posts"}],"about":[{"href":"https:\/\/arhiv.cona.si\/slo\/wp-json\/wp\/v2\/types\/post"}],"author":[{"embeddable":true,"href":"https:\/\/arhiv.cona.si\/slo\/wp-json\/wp\/v2\/users\/2"}],"replies":[{"embeddable":true,"href":"https:\/\/arhiv.cona.si\/slo\/wp-json\/wp\/v2\/comments?post=178"}],"version-history":[{"count":7,"href":"https:\/\/arhiv.cona.si\/slo\/wp-json\/wp\/v2\/posts\/178\/revisions"}],"predecessor-version":[{"id":187,"href":"https:\/\/arhiv.cona.si\/slo\/wp-json\/wp\/v2\/posts\/178\/revisions\/187"}],"wp:attachment":[{"href":"https:\/\/arhiv.cona.si\/slo\/wp-json\/wp\/v2\/media?parent=178"}],"wp:term":[{"taxonomy":"category","embeddable":true,"href":"https:\/\/arhiv.cona.si\/slo\/wp-json\/wp\/v2\/categories?post=178"},{"taxonomy":"post_tag","embeddable":true,"href":"https:\/\/arhiv.cona.si\/slo\/wp-json\/wp\/v2\/tags?post=178"}],"curies":[{"name":"wp","href":"https:\/\/api.w.org\/{rel}","templated":true}]}}