{"id":1771,"date":"2023-02-12T10:00:36","date_gmt":"2023-02-12T08:00:36","guid":{"rendered":"https:\/\/arhiv.cona.si\/slo\/?p=1771"},"modified":"2023-03-16T18:19:19","modified_gmt":"2023-03-16T16:19:19","slug":"thomas-gorbach-the-vienna-acousmonium-returns","status":"publish","type":"post","link":"https:\/\/arhiv.cona.si\/slo\/2023\/02\/12\/thomas-gorbach-the-vienna-acousmonium-returns\/","title":{"rendered":"Thomas Gorbach &#038; The Vienna Acousmonium"},"content":{"rendered":"<p><b>dvove\u010derni cikel zvo\u010dnih dogodkov <\/b>\/ torek, 14. 3., in sreda, 15. 3., od 19.00 do 22.00,<br \/>\n<a href=\"https:\/\/www.kinosiska.si\/dogodek\/thomas-gorbach-the-vienna-acousmonium-2\/\">Kino \u0160i\u0161ka<\/a>, dvorana Katedrala<\/p>\n<p><b><img loading=\"lazy\" decoding=\"async\" class=\"wp-image-1840 size-thumbnail alignleft\" src=\"https:\/\/arhiv.cona.si\/slo\/wp-content\/uploads\/sites\/2\/2023\/01\/Square-No-text-150x150.png\" alt=\"\" width=\"150\" height=\"150\" srcset=\"https:\/\/arhiv.cona.si\/slo\/wp-content\/uploads\/sites\/2\/2023\/01\/Square-No-text-150x150.png 150w, https:\/\/arhiv.cona.si\/slo\/wp-content\/uploads\/sites\/2\/2023\/01\/Square-No-text-300x300.png 300w, https:\/\/arhiv.cona.si\/slo\/wp-content\/uploads\/sites\/2\/2023\/01\/Square-No-text-1024x1024.png 1024w, https:\/\/arhiv.cona.si\/slo\/wp-content\/uploads\/sites\/2\/2023\/01\/Square-No-text-768x768.png 768w, https:\/\/arhiv.cona.si\/slo\/wp-content\/uploads\/sites\/2\/2023\/01\/Square-No-text.png 1500w\" sizes=\"auto, (max-width: 150px) 100vw, 150px\" \/><\/b><\/p>\n<p>CONA in Kino \u0160i\u0161ka vabita na dva transformativna ve\u010dera akuzmati\u010dne glasbe! V Ljubljano se vra\u010da avstrijski glasbenik, izvajalec in akuzmati\u010dni skladatelj Thomas\u00a0<span lang=\"SL\">GORBACH<\/span>, ki se mu bodo v \u017eivo pridru\u017eile_i gostujo\u010de_i umetnice_ki: <strong>Andrej KOBAL<\/strong>, <strong>OR poiesis<\/strong> in <strong>tonota<\/strong>.<\/p>\n<p><strong><a href=\"https:\/\/www.eventim.si\/si\/vstopnice\/thomas-gorbach-the-vienna-acousmonium-ljubljana-kino-siska-603857\/event.html\">NAKUP VSTOPNICE<\/a><\/strong><\/p>\n<p><!--more--><\/p>\n<p style=\"font-weight: 400;\">V Katedrali bo za\u017eivel The Vienna Acousmonium, multi-dimenzionalni zvo\u010dni\u0161ki orkester, zvo\u010dni studio in laboratorij za manipulacijo in \u010duje\u010de poslu\u0161anje efemernih, dinami\u010dno-gibalnih zvo\u010dnih skulptur.<\/p>\n<h3 style=\"font-weight: 400;\"><strong>PROGRAM<\/strong><\/h3>\n<p style=\"font-weight: 400;\">V torek, 14. 3., bo predstavljen kuriran izbor vrhunskih zvo\u010dnih kompozicij iz aktualnih studijskih dose\u017ekov in arhivov pomembnih in odmevnih skladateljic_ev po izboru Thomasa GORBACHA, ki bo skladbe tudi interpretiral na svojem akuzmoni\u010dnem instrumentu.<\/p>\n<p style=\"font-weight: 400;\">V sredo, 15. 3., pa bodo Thomasov izbor iz zakladnice zvo\u010dnih umetnosti in elektroakusti\u010dne glasbe dopolnili nastopi treh umetnic_kov v \u017eivo. Premierno bosta predstavljeni skladbi <em>Air Transitions<\/em> avtorja Andreja KOBALA in <em>Fur\u012bf\u014dru \/ fluvial<\/em> avtorice OR poiesis. Zvo\u010dna umetnica tonota pa bo prvi\u010d v Ljubljani izvedla svoje delo <em>uncertainty<\/em>.<\/p>\n\n\t\t<style type=\"text\/css\">\n\t\t\t#gallery-1 {\n\t\t\t\tmargin: auto;\n\t\t\t}\n\t\t\t#gallery-1 .gallery-item {\n\t\t\t\tfloat: left;\n\t\t\t\tmargin-top: 10px;\n\t\t\t\ttext-align: center;\n\t\t\t\twidth: 25%;\n\t\t\t}\n\t\t\t#gallery-1 img {\n\t\t\t\tborder: 2px solid #cfcfcf;\n\t\t\t}\n\t\t\t#gallery-1 .gallery-caption {\n\t\t\t\tmargin-left: 0;\n\t\t\t}\n\t\t\t\/* see gallery_shortcode() in wp-includes\/media.php *\/\n\t\t<\/style>\n\t\t<div id='gallery-1' class='gallery galleryid-1771 gallery-columns-4 gallery-size-thumbnail'><dl class='gallery-item'>\n\t\t\t<dt class='gallery-icon portrait'>\n\t\t\t\t<a href='https:\/\/arhiv.cona.si\/slo\/wp-content\/uploads\/sites\/2\/2023\/02\/DSF2847_Photo-Matej_Tomazin.jpg'><img loading=\"lazy\" decoding=\"async\" width=\"150\" height=\"150\" src=\"https:\/\/arhiv.cona.si\/slo\/wp-content\/uploads\/sites\/2\/2023\/02\/DSF2847_Photo-Matej_Tomazin-150x150.jpg\" class=\"attachment-thumbnail size-thumbnail\" alt=\"\" \/><\/a>\n\t\t\t<\/dt><\/dl><dl class='gallery-item'>\n\t\t\t<dt class='gallery-icon landscape'>\n\t\t\t\t<a href='https:\/\/arhiv.cona.si\/slo\/wp-content\/uploads\/sites\/2\/2023\/02\/Thomas_Gorbach_The_Vienna_Acousmonium_Kino-Siska_14.3.2023-Marcel-Obal-18.jpg'><img loading=\"lazy\" decoding=\"async\" width=\"150\" height=\"150\" src=\"https:\/\/arhiv.cona.si\/slo\/wp-content\/uploads\/sites\/2\/2023\/02\/Thomas_Gorbach_The_Vienna_Acousmonium_Kino-Siska_14.3.2023-Marcel-Obal-18-150x150.jpg\" class=\"attachment-thumbnail size-thumbnail\" alt=\"\" \/><\/a>\n\t\t\t<\/dt><\/dl><dl class='gallery-item'>\n\t\t\t<dt class='gallery-icon landscape'>\n\t\t\t\t<a href='https:\/\/arhiv.cona.si\/slo\/wp-content\/uploads\/sites\/2\/2023\/02\/FBP6659.jpg'><img loading=\"lazy\" decoding=\"async\" width=\"150\" height=\"150\" src=\"https:\/\/arhiv.cona.si\/slo\/wp-content\/uploads\/sites\/2\/2023\/02\/FBP6659-150x150.jpg\" class=\"attachment-thumbnail size-thumbnail\" alt=\"\" \/><\/a>\n\t\t\t<\/dt><\/dl><dl class='gallery-item'>\n\t\t\t<dt class='gallery-icon landscape'>\n\t\t\t\t<a href='https:\/\/arhiv.cona.si\/slo\/wp-content\/uploads\/sites\/2\/2023\/02\/DSF2815_Photo-Matej_Tomazin.jpg'><img loading=\"lazy\" decoding=\"async\" width=\"150\" height=\"150\" src=\"https:\/\/arhiv.cona.si\/slo\/wp-content\/uploads\/sites\/2\/2023\/02\/DSF2815_Photo-Matej_Tomazin-150x150.jpg\" class=\"attachment-thumbnail size-thumbnail\" alt=\"\" \/><\/a>\n\t\t\t<\/dt><\/dl><br style=\"clear: both\" \/><dl class='gallery-item'>\n\t\t\t<dt class='gallery-icon landscape'>\n\t\t\t\t<a href='https:\/\/arhiv.cona.si\/slo\/wp-content\/uploads\/sites\/2\/2023\/02\/FBP6440.jpg'><img loading=\"lazy\" decoding=\"async\" width=\"150\" height=\"150\" src=\"https:\/\/arhiv.cona.si\/slo\/wp-content\/uploads\/sites\/2\/2023\/02\/FBP6440-150x150.jpg\" class=\"attachment-thumbnail size-thumbnail\" alt=\"\" \/><\/a>\n\t\t\t<\/dt><\/dl><dl class='gallery-item'>\n\t\t\t<dt class='gallery-icon landscape'>\n\t\t\t\t<a href='https:\/\/arhiv.cona.si\/slo\/wp-content\/uploads\/sites\/2\/2023\/02\/DSF2782_Photo-Matej_Tomazin.jpg'><img loading=\"lazy\" decoding=\"async\" width=\"150\" height=\"150\" src=\"https:\/\/arhiv.cona.si\/slo\/wp-content\/uploads\/sites\/2\/2023\/02\/DSF2782_Photo-Matej_Tomazin-150x150.jpg\" class=\"attachment-thumbnail size-thumbnail\" alt=\"\" \/><\/a>\n\t\t\t<\/dt><\/dl><dl class='gallery-item'>\n\t\t\t<dt class='gallery-icon landscape'>\n\t\t\t\t<a href='https:\/\/arhiv.cona.si\/slo\/wp-content\/uploads\/sites\/2\/2023\/02\/Thomas_Gorbach_The_Vienna_Acousmonium_Kino-Siska_14.3.2023-Marcel-Obal-14.jpg'><img loading=\"lazy\" decoding=\"async\" width=\"150\" height=\"150\" src=\"https:\/\/arhiv.cona.si\/slo\/wp-content\/uploads\/sites\/2\/2023\/02\/Thomas_Gorbach_The_Vienna_Acousmonium_Kino-Siska_14.3.2023-Marcel-Obal-14-150x150.jpg\" class=\"attachment-thumbnail size-thumbnail\" alt=\"\" \/><\/a>\n\t\t\t<\/dt><\/dl><dl class='gallery-item'>\n\t\t\t<dt class='gallery-icon landscape'>\n\t\t\t\t<a href='https:\/\/arhiv.cona.si\/slo\/wp-content\/uploads\/sites\/2\/2023\/02\/IMG_1921_Photo-Matej_Tomazin.jpg'><img loading=\"lazy\" decoding=\"async\" width=\"150\" height=\"150\" src=\"https:\/\/arhiv.cona.si\/slo\/wp-content\/uploads\/sites\/2\/2023\/02\/IMG_1921_Photo-Matej_Tomazin-150x150.jpg\" class=\"attachment-thumbnail size-thumbnail\" alt=\"\" \/><\/a>\n\t\t\t<\/dt><\/dl><br style=\"clear: both\" \/><dl class='gallery-item'>\n\t\t\t<dt class='gallery-icon landscape'>\n\t\t\t\t<a href='https:\/\/arhiv.cona.si\/slo\/wp-content\/uploads\/sites\/2\/2023\/02\/FBP6445.jpg'><img loading=\"lazy\" decoding=\"async\" width=\"150\" height=\"150\" src=\"https:\/\/arhiv.cona.si\/slo\/wp-content\/uploads\/sites\/2\/2023\/02\/FBP6445-150x150.jpg\" class=\"attachment-thumbnail size-thumbnail\" alt=\"\" \/><\/a>\n\t\t\t<\/dt><\/dl><dl class='gallery-item'>\n\t\t\t<dt class='gallery-icon landscape'>\n\t\t\t\t<a href='https:\/\/arhiv.cona.si\/slo\/wp-content\/uploads\/sites\/2\/2023\/02\/IMG_1950_Photo-Matej_Tomazin.jpg'><img loading=\"lazy\" decoding=\"async\" width=\"150\" height=\"150\" src=\"https:\/\/arhiv.cona.si\/slo\/wp-content\/uploads\/sites\/2\/2023\/02\/IMG_1950_Photo-Matej_Tomazin-150x150.jpg\" class=\"attachment-thumbnail size-thumbnail\" alt=\"\" \/><\/a>\n\t\t\t<\/dt><\/dl><dl class='gallery-item'>\n\t\t\t<dt class='gallery-icon landscape'>\n\t\t\t\t<a href='https:\/\/arhiv.cona.si\/slo\/wp-content\/uploads\/sites\/2\/2023\/02\/Thomas_Gorbach_The_Vienna_Acousmonium_Kino-Siska_14.3.2023-Marcel-Obal-16.jpg'><img loading=\"lazy\" decoding=\"async\" width=\"150\" height=\"150\" src=\"https:\/\/arhiv.cona.si\/slo\/wp-content\/uploads\/sites\/2\/2023\/02\/Thomas_Gorbach_The_Vienna_Acousmonium_Kino-Siska_14.3.2023-Marcel-Obal-16-150x150.jpg\" class=\"attachment-thumbnail size-thumbnail\" alt=\"\" \/><\/a>\n\t\t\t<\/dt><\/dl><dl class='gallery-item'>\n\t\t\t<dt class='gallery-icon landscape'>\n\t\t\t\t<a href='https:\/\/arhiv.cona.si\/slo\/wp-content\/uploads\/sites\/2\/2023\/02\/IMG_1960_Photo-Matej_Tomazin.jpg'><img loading=\"lazy\" decoding=\"async\" width=\"150\" height=\"150\" src=\"https:\/\/arhiv.cona.si\/slo\/wp-content\/uploads\/sites\/2\/2023\/02\/IMG_1960_Photo-Matej_Tomazin-150x150.jpg\" class=\"attachment-thumbnail size-thumbnail\" alt=\"\" \/><\/a>\n\t\t\t<\/dt><\/dl><br style=\"clear: both\" \/><dl class='gallery-item'>\n\t\t\t<dt class='gallery-icon landscape'>\n\t\t\t\t<a href='https:\/\/arhiv.cona.si\/slo\/wp-content\/uploads\/sites\/2\/2023\/02\/IMG_1965_Photo-Matej_Tomazin.jpg'><img loading=\"lazy\" decoding=\"async\" width=\"150\" height=\"150\" src=\"https:\/\/arhiv.cona.si\/slo\/wp-content\/uploads\/sites\/2\/2023\/02\/IMG_1965_Photo-Matej_Tomazin-150x150.jpg\" class=\"attachment-thumbnail size-thumbnail\" alt=\"\" \/><\/a>\n\t\t\t<\/dt><\/dl><dl class='gallery-item'>\n\t\t\t<dt class='gallery-icon landscape'>\n\t\t\t\t<a href='https:\/\/arhiv.cona.si\/slo\/wp-content\/uploads\/sites\/2\/2023\/02\/FBP6643.jpg'><img loading=\"lazy\" decoding=\"async\" width=\"150\" height=\"150\" src=\"https:\/\/arhiv.cona.si\/slo\/wp-content\/uploads\/sites\/2\/2023\/02\/FBP6643-150x150.jpg\" class=\"attachment-thumbnail size-thumbnail\" alt=\"\" \/><\/a>\n\t\t\t<\/dt><\/dl><dl class='gallery-item'>\n\t\t\t<dt class='gallery-icon portrait'>\n\t\t\t\t<a href='https:\/\/arhiv.cona.si\/slo\/wp-content\/uploads\/sites\/2\/2023\/02\/DSF2780_Photo-Matej_Tomazin.jpg'><img loading=\"lazy\" decoding=\"async\" width=\"150\" height=\"150\" src=\"https:\/\/arhiv.cona.si\/slo\/wp-content\/uploads\/sites\/2\/2023\/02\/DSF2780_Photo-Matej_Tomazin-150x150.jpg\" class=\"attachment-thumbnail size-thumbnail\" alt=\"\" \/><\/a>\n\t\t\t<\/dt><\/dl><dl class='gallery-item'>\n\t\t\t<dt class='gallery-icon landscape'>\n\t\t\t\t<a href='https:\/\/arhiv.cona.si\/slo\/wp-content\/uploads\/sites\/2\/2023\/02\/Thomas_Gorbach_The_Vienna_Acousmonium_Kino-Siska_14.3.2023-Marcel-Obal-17.jpg'><img loading=\"lazy\" decoding=\"async\" width=\"150\" height=\"150\" src=\"https:\/\/arhiv.cona.si\/slo\/wp-content\/uploads\/sites\/2\/2023\/02\/Thomas_Gorbach_The_Vienna_Acousmonium_Kino-Siska_14.3.2023-Marcel-Obal-17-150x150.jpg\" class=\"attachment-thumbnail size-thumbnail\" alt=\"\" \/><\/a>\n\t\t\t<\/dt><\/dl><br style=\"clear: both\" \/>\n\t\t<\/div>\n\n<p>Foto: Matej TOMA\u017dIN, arhiv CONA, Marcel OBAL and Andra\u017e Fijav\u017e Ba\u010dovnik, arhiv Kino \u0160i\u0161ka.<\/p>\n<h3 style=\"font-weight: 400;\"><strong>IZBRANA DELA<\/strong><\/h3>\n<p style=\"font-weight: 400;\">Med obema ve\u010deroma bo Thomas GORBACH na svojem instrumentu interpretiral tri ve\u010dje sklope akuzmati\u010dnih skladb, kjer bodo predstavljene_i za\u010detnice_ki akuzmati\u010dne glasbe, kuriran izbor akuzmati\u010dnih mojstrovin in skladbe zmagovalk_cev tekmovanja Young Lion_ess 2022. Med drugimi izpostavljamo naslednje skladbe:<\/p>\n<h4 style=\"font-weight: 400;\"><strong>Pionirke_ji<\/strong><\/h4>\n<p style=\"font-weight: 400;\"><strong><br \/>\n<\/strong>&#8211; Anestis LOGOTHETIS (GR\/AT): <em>Untitled_Coloured Noise<\/em> | 1962-67<br \/>\n&#8211; Edgar VAR\u00c8SE (US): <em>Po\u00e8me \u00e9lectronique<\/em> | 1958<br \/>\n&#8211; Thomas GORBACH (AT): <em>Modulated Resonances<\/em> | 2021-22<br \/>\n&#8211; Fran\u00e7ois BAYLE (FR): <em>D\u00e9placements 1.Vertical-Horizontal 2.Spiral 3.Diagonal<\/em> (Octophonie) | 2011-12<\/p>\n<h4 style=\"font-weight: 400;\"><strong>The Acousmatic Project: Zmagovalne skladbe tekmovanja Young Lion_ess 2022<\/strong><\/h4>\n<p style=\"font-weight: 400;\"><strong><br \/>\n<\/strong>&#8211; Diego BERMUDEZ CHAMBERLAND (CA): <em>Punto Maximal<\/em> | 2021-22<br \/>\n&#8211; Elliot HERN\u00c1NDEZ (MX): <em>Ritual<\/em> | 2021<br \/>\n&#8211; Mariana VIEIRA (PT): <em>The Unexpected Encounter with Diversity<\/em> | 2021<br \/>\n&#8211; Mattia LORIS SIBONI (IT): <em>Translucido<\/em> | 2020<br \/>\n&#8211; Marta MENDES PEREIRA DOMINGUES (PT): <em>Brincar de Pensar<\/em> | 2022 (Audience Award)<\/p>\n<h4 style=\"font-weight: 400;\"><strong>Repertoar: Mojstrovine<\/strong><\/h4>\n<p style=\"font-weight: 400;\"><strong><br \/>\n<\/strong>&#8211; Annette VANDE GORNE (BE): <em>Vox Alia II : Cath\u00e9drales<\/em> | 2021<br \/>\n&#8211; Anestis LOGOTHETIS (GR\/AT): <em>Wellenformen<\/em> | 1981<br \/>\n&#8211; Beatriz FERREYRA (AR\/FR): <em>Jazz\u2019t for Miles<\/em> | 2001<br \/>\n&#8211; Beatriz FERREYRA (AR\/FR): <em>Vivencias<\/em> | 2001<br \/>\n&#8211; \u00c5ke PARMERUD (CH): <em>Growl<\/em> | 2014-15<\/p>\n<h4 style=\"font-weight: 400;\"><strong>Nastopi v \u017eivo<\/strong><\/h4>\n<p style=\"font-weight: 400;\"><strong><br \/>\n<\/strong>&#8211; OR poiesis: <em>Fur\u012bf\u014dru \/ fluvial<\/em> | 2023 | premierna izvedba<br \/>\n&#8211; Andrej KOBAL: <em>Air transition<\/em>s | 2023 | premierna izvedba<br \/>\n&#8211; tonota: <em>u<\/em><em>ncertainty<\/em> | 2022<\/p>\n<h3><strong>OPISI DEL POVABLJENIH UMETNIC_KOV<\/strong><\/h3>\n<p style=\"font-weight: 400;\"><em>Air Transitions<\/em> raziskuje zvo\u010dnost sti\u010di\u0161\u010da med snovnostjo povr\u0161ine in dinamiko zraka. Kompozicija temelji na transformaciji in manipulaciji zvo\u010dnih posnetkov burje in z vetrom povezanih zvo\u010dnih elementov. Delo s pomo\u010djo zvo\u010dnih tehnik granularne, konkatenativne in spektralne sinteze ponuja svojevrstno reinterpretacijo zvo\u010dne mase izvornega materiala.<\/p>\n<p style=\"font-weight: 400;\"><em>Fur\u012bf\u014dru \/ fluvial<\/em> zasleduje ekstati\u010den ob\u010dutek lebdenja v sferi\u010dni glasbi slapov. V prostem padcu vode, njeni razpr\u0161itvi in treso\u010dih udarcih vodnih molekul na kamen se strastno ustvarja neskon\u010dna privla\u010dnost, ekstati\u010dno vibracijsko polje, ki privzdiguje telesa. Delo je bilo ustvarjeno v fluvialni kompoziciji in s pomo\u010djo performativnih terenskih posnetkov slapov in kamnin. Z iskanjem frekven\u010dne resonance se poglablja v elementarne rituale narave.<\/p>\n<p style=\"font-weight: 400;\"><em>uncertainty <\/em>je konfrontacija z neznanim in vzpostavljanje reda tam, kjer ga zares ni. Ob\u010dutek negotovosti v silnem trenutku zmedenosti in izgube jasne presoje postane \u010duje\u010de raziskovanje hrupa v ti\u0161ini. Delo temelji na ritmi\u010dnih vzorcih v obliki prostorske zvo\u010dne kompozicije, ki raziskuje \u010dlove\u0161ke mehanizme za shajanje z obsesivno-kompulzivno motnjo.<\/p>\n<h3 style=\"font-weight: 400;\"><strong>AVTORICE_JI<\/strong><\/h3>\n<p style=\"font-weight: 400;\"><strong>Thomas <\/strong><strong>GORBACH<\/strong> je interdisciplinaren glasbenik, izvajalec in skladatelj akuzmati\u010dne glasbe. Kot ustanovitelj in organizator projekta The Acousmatic Project je z Marcom Schretterjem razvil edinstven ve\u010dkanalni zvo\u010dni\u0161ki orkester The Vienna Acousmonium ter metodo za interpretacijo akusmati\u010dnih del in produkcijo efemernih, dinami\u010dno-gibalnih zvo\u010dnih skulptur.<\/p>\n<p style=\"font-weight: 400;\"><strong>Andrej <\/strong><strong>KOBAL<\/strong> deluje na \u0161tevilnih podro\u010djih glasbenega ustvarjanja, kot so avtorske kompozicije, oblikovanje zvoka in kompozicije za filmsko glasbo ter gledali\u0161\u010de, oblikovanje zvo\u010dnih in\u0161talacij ter oblikovanje po meri narejenih elektronskih virtualnih in\u0161trumentov.<\/p>\n<p style=\"font-weight: 400;\"><strong>OR poiesis<\/strong> je umetnica in raziskovalka na podro\u010dju bio-, geo- in hidroakustike, slu\u0161ne percepcije, interaktivnega zvo\u010dnega performansa v konkretnem, akusti\u010dnem prostoru ter digitalno nadgrajeni realnosti, spletne transmisije in umetni\u0161kega radia.<\/p>\n<p style=\"font-weight: 400;\"><strong>t<\/strong><strong>onota<\/strong> je glasbena producentka, skladateljica in psihologinja iz Zagreba. Njeno umetni\u0161ko delovanje zdru\u017euje analogno in digitalno oblikovanje zvoka, ki ga zaznamujeta globoka introspekcija in ve\u010ddimenzionalni \u010dustveni naboj.<\/p>\n<p style=\"font-weight: 400;\">Deli <em>Air Transitions <\/em>umetnika Andreja Kobala in <em>Fur\u012bf\u014dru \/ fluvial<\/em> avtorice OR poiesis je naro\u010dila in producirala CONA, zavod za procesiranje sodobne umetnosti. Delo <em>uncertainty<\/em> avtorice tonote je naro\u010dil in produciral KONTEJNER, biro za sodobne umetni\u0161ke prakse v Zagrebu in je bilo razvito med umetni\u0161ko rezidenco v Bergenskem centru za elektronsko umetnost &#8211; BEK.<\/p>\n<p style=\"font-weight: 400;\">Projekt podpirajo Ministrstvo za kulturo RS, Mestna ob\u010dina Ljubljana, Oddelek za kulturo, Mestna ob\u010dina Dunaj, Oddelek za kulturo, in Avstrijski kulturni forum.<\/p>\n<h3 style=\"font-weight: 400;\"><strong>KOLOFON<\/strong><\/h3>\n<p style=\"font-weight: 400;\">Umetnice_ki: Thomas GORBACH, Andrej Kobal, Petra KAP\u0160 (OR poiesis), Ivona ETEROVI\u0106 (tonota)<br \/>\nProdukcija: CONA za galerijo Steklenik<br \/>\nKoprodukcija: Kino \u0160i\u0161ka<br \/>\nOrganizacija: Irena PIVKA, Brane ZORMAN<br \/>\nOdnosi z javnostmi: Matej TOMA\u017dIN, Anja Pia BI\u0160\u010cAK<br \/>\nOblikovanje: Matej TOMA\u017dIN<br \/>\nPrevod in lektura: Daniel SHEPPARD<\/p>\n<p><img loading=\"lazy\" decoding=\"async\" class=\"alignnone wp-image-1847 \" src=\"https:\/\/arhiv.cona.si\/slo\/wp-content\/uploads\/sites\/2\/2023\/01\/unnamed-150x150.png\" alt=\"\" width=\"62\" height=\"62\" srcset=\"https:\/\/arhiv.cona.si\/slo\/wp-content\/uploads\/sites\/2\/2023\/01\/unnamed-150x150.png 150w, https:\/\/arhiv.cona.si\/slo\/wp-content\/uploads\/sites\/2\/2023\/01\/unnamed-300x300.png 300w, https:\/\/arhiv.cona.si\/slo\/wp-content\/uploads\/sites\/2\/2023\/01\/unnamed.png 512w\" sizes=\"auto, (max-width: 62px) 100vw, 62px\" \/>\u00a0\u00a0 <a href=\"https:\/\/arhiv.cona.si\/slo\/wp-content\/uploads\/sites\/2\/2022\/02\/logo_final-10.png\"><img loading=\"lazy\" decoding=\"async\" class=\"alignnone wp-image-1458\" src=\"https:\/\/arhiv.cona.si\/slo\/wp-content\/uploads\/sites\/2\/2022\/02\/logo_final-10-300x207.png\" alt=\"\" width=\"93\" height=\"64\" srcset=\"https:\/\/arhiv.cona.si\/slo\/wp-content\/uploads\/sites\/2\/2022\/02\/logo_final-10-300x207.png 300w, https:\/\/arhiv.cona.si\/slo\/wp-content\/uploads\/sites\/2\/2022\/02\/logo_final-10-1024x707.png 1024w, https:\/\/arhiv.cona.si\/slo\/wp-content\/uploads\/sites\/2\/2022\/02\/logo_final-10-768x530.png 768w, https:\/\/arhiv.cona.si\/slo\/wp-content\/uploads\/sites\/2\/2022\/02\/logo_final-10.png 1117w\" sizes=\"auto, (max-width: 93px) 100vw, 93px\" \/><\/a> \u00a0\u00a0\u00a0\u00a0 \u00a0 <img loading=\"lazy\" decoding=\"async\" class=\"alignnone wp-image-5033 \" src=\"https:\/\/arhiv.cona.si\/wp-content\/uploads\/2023\/02\/kontejner-logo-300x67.jpeg\" alt=\"\" width=\"175\" height=\"39\" \/>\u00a0 \u00a0 <img loading=\"lazy\" decoding=\"async\" class=\"alignnone wp-image-1027 \" src=\"https:\/\/arhiv.cona.si\/slo\/wp-content\/uploads\/sites\/2\/2020\/02\/mol-logotip-slo_veliki_2-300x91.jpg\" alt=\"\" width=\"181\" height=\"55\" srcset=\"https:\/\/arhiv.cona.si\/slo\/wp-content\/uploads\/sites\/2\/2020\/02\/mol-logotip-slo_veliki_2-300x91.jpg 300w, https:\/\/arhiv.cona.si\/slo\/wp-content\/uploads\/sites\/2\/2020\/02\/mol-logotip-slo_veliki_2-768x234.jpg 768w, https:\/\/arhiv.cona.si\/slo\/wp-content\/uploads\/sites\/2\/2020\/02\/mol-logotip-slo_veliki_2-1024x312.jpg 1024w\" sizes=\"auto, (max-width: 181px) 100vw, 181px\" \/>\u00a0 \u00a0\u00a0 <img loading=\"lazy\" decoding=\"async\" class=\"alignnone wp-image-995\" src=\"https:\/\/arhiv.cona.si\/slo\/wp-content\/uploads\/sites\/2\/2020\/02\/logo-mk-300x113.jpg\" alt=\"\" width=\"186\" height=\"70\" \/>\u00a0 \u00a0 \u00a0<img loading=\"lazy\" decoding=\"async\" class=\"alignnone wp-image-1472\" src=\"https:\/\/arhiv.cona.si\/slo\/wp-content\/uploads\/sites\/2\/2022\/02\/BMKOES_Logo-300x81.jpg\" alt=\"\" width=\"160\" height=\"43\" srcset=\"https:\/\/arhiv.cona.si\/slo\/wp-content\/uploads\/sites\/2\/2022\/02\/BMKOES_Logo-300x81.jpg 300w, https:\/\/arhiv.cona.si\/slo\/wp-content\/uploads\/sites\/2\/2022\/02\/BMKOES_Logo-1024x275.jpg 1024w, https:\/\/arhiv.cona.si\/slo\/wp-content\/uploads\/sites\/2\/2022\/02\/BMKOES_Logo-768x206.jpg 768w, https:\/\/arhiv.cona.si\/slo\/wp-content\/uploads\/sites\/2\/2022\/02\/BMKOES_Logo-1536x413.jpg 1536w, https:\/\/arhiv.cona.si\/slo\/wp-content\/uploads\/sites\/2\/2022\/02\/BMKOES_Logo.jpg 1723w\" sizes=\"auto, (max-width: 160px) 100vw, 160px\" \/> \u00a0\u00a0\u00a0\u00a0\u00a0 \u00a0 \u00a0 \u00a0\u00a0 <img loading=\"lazy\" decoding=\"async\" class=\"alignnone wp-image-1473\" src=\"https:\/\/arhiv.cona.si\/slo\/wp-content\/uploads\/sites\/2\/2022\/02\/Stadt-Wien-Kultur_Logo_pos_rgb-300x83.jpg\" alt=\"\" width=\"127\" height=\"35\" srcset=\"https:\/\/arhiv.cona.si\/slo\/wp-content\/uploads\/sites\/2\/2022\/02\/Stadt-Wien-Kultur_Logo_pos_rgb-300x83.jpg 300w, https:\/\/arhiv.cona.si\/slo\/wp-content\/uploads\/sites\/2\/2022\/02\/Stadt-Wien-Kultur_Logo_pos_rgb-768x212.jpg 768w, https:\/\/arhiv.cona.si\/slo\/wp-content\/uploads\/sites\/2\/2022\/02\/Stadt-Wien-Kultur_Logo_pos_rgb.jpg 860w\" sizes=\"auto, (max-width: 127px) 100vw, 127px\" \/><\/p>\n","protected":false},"excerpt":{"rendered":"<p>dvove\u010derni cikel zvo\u010dnih dogodkov \/ torek, 14. 3., in sreda, 15. 3., od 19.00 do 22.00, Kino \u0160i\u0161ka, dvorana Katedrala CONA in Kino \u0160i\u0161ka vabita na dva transformativna ve\u010dera akuzmati\u010dne glasbe! V Ljubljano se vra\u010da avstrijski glasbenik, izvajalec in akuzmati\u010dni skladatelj Thomas\u00a0GORBACH, ki se mu bodo v \u017eivo pridru\u017eile_i gostujo\u010de_i umetnice_ki: Andrej KOBAL, OR poiesis [&hellip;]<\/p>\n","protected":false},"author":2,"featured_media":0,"comment_status":"closed","ping_status":"closed","sticky":false,"template":"","format":"standard","meta":{"footnotes":""},"categories":[6],"tags":[],"class_list":["post-1771","post","type-post","status-publish","format-standard","hentry","category-4zvok-glasba"],"_links":{"self":[{"href":"https:\/\/arhiv.cona.si\/slo\/wp-json\/wp\/v2\/posts\/1771","targetHints":{"allow":["GET"]}}],"collection":[{"href":"https:\/\/arhiv.cona.si\/slo\/wp-json\/wp\/v2\/posts"}],"about":[{"href":"https:\/\/arhiv.cona.si\/slo\/wp-json\/wp\/v2\/types\/post"}],"author":[{"embeddable":true,"href":"https:\/\/arhiv.cona.si\/slo\/wp-json\/wp\/v2\/users\/2"}],"replies":[{"embeddable":true,"href":"https:\/\/arhiv.cona.si\/slo\/wp-json\/wp\/v2\/comments?post=1771"}],"version-history":[{"count":33,"href":"https:\/\/arhiv.cona.si\/slo\/wp-json\/wp\/v2\/posts\/1771\/revisions"}],"predecessor-version":[{"id":1895,"href":"https:\/\/arhiv.cona.si\/slo\/wp-json\/wp\/v2\/posts\/1771\/revisions\/1895"}],"wp:attachment":[{"href":"https:\/\/arhiv.cona.si\/slo\/wp-json\/wp\/v2\/media?parent=1771"}],"wp:term":[{"taxonomy":"category","embeddable":true,"href":"https:\/\/arhiv.cona.si\/slo\/wp-json\/wp\/v2\/categories?post=1771"},{"taxonomy":"post_tag","embeddable":true,"href":"https:\/\/arhiv.cona.si\/slo\/wp-json\/wp\/v2\/tags?post=1771"}],"curies":[{"name":"wp","href":"https:\/\/api.w.org\/{rel}","templated":true}]}}