{"id":1555,"date":"2022-05-10T11:57:07","date_gmt":"2022-05-10T09:57:07","guid":{"rendered":"https:\/\/arhiv.cona.si\/slo\/?p=1555"},"modified":"2022-12-02T12:57:35","modified_gmt":"2022-12-02T10:57:35","slug":"david-rothenberg","status":"publish","type":"post","link":"https:\/\/arhiv.cona.si\/slo\/2022\/05\/10\/david-rothenberg\/","title":{"rendered":"David Rothenberg"},"content":{"rendered":"<p><a href=\"https:\/\/arhiv.cona.si\/slo\/wp-content\/uploads\/sites\/2\/2022\/04\/David-Rothenberg_Nightingales-in-Berlin-.jpg\"><img loading=\"lazy\" decoding=\"async\" class=\"size-thumbnail wp-image-1538 alignleft\" src=\"https:\/\/arhiv.cona.si\/slo\/wp-content\/uploads\/sites\/2\/2022\/04\/David-Rothenberg_Nightingales-in-Berlin--150x150.jpg\" alt=\"\" width=\"150\" height=\"150\" \/><\/a>medvrstni zvo\u010dni dogodki s slavci<br \/>\ngostovanje v okviru projekta <a href=\"http:\/\/acousticommons.net\/\">Akusti\u010dno skupno<\/a><\/p>\n<p>\u010cetrtek, 12.5.2022, <a href=\"https:\/\/www.ptice.si\/naravovarstvo-in-raziskave\/naravni-rezervati\/iski-morost\/o-rezervatu\/\">I\u0161ki morost, Ljubljansko barje<\/a><br \/>\nSobota, 14.5.2022, <a href=\"https:\/\/www.ptice.si\/naravovarstvo-in-raziskave\/naravni-rezervati\/skocjanski-zatok\/\">\u0160kocjanski zatok, Koper<\/a><\/p>\n<p><a href=\"http:\/\/www.davidrothenberg.net\/\">David Rothenberg<\/a>, uveljavljeni ameri\u0161ki klarinetist, jazz glasbenik, skladatelj in profesor, je svojo solisti\u010dno in improvizatorsko kariero raz\u0161iril in obogatil skozi ustvarjanje z drugimi \u017eivalskimi vrstami. Meseca maja, zve\u010der, ko so glavni glasbeniki no\u010di narave slavci, se bosta v okviru programa galerije Steklenik, odvila dva enkratna zvo\u010dna dogodka v naravnem okolju. David Rothenberg bo nastopil na obmo\u010dju I\u0161kega morosta in \u0160kocjanskega zatoka, kjer bo v \u017eivo improviziral s tam \u017eive\u010dimi slavci in drugimi pticami. Ob pozornem poslu\u0161anju in z improvizacijo na svoj klarinet, jih bo povabil k medvrstnemu zvo\u010dnemu ustvarjanju. Zaradi dolgoletnega sodelovanja s pticami razume tudi njihove najbolj pretanjene umetni\u0161ke vzgibe petja.<\/p>\n<p><!--more--><\/p>\n<p>Pred dogodkoma bo Rothenberg izvedel predavanje o razli\u010dnih pristopih povezovanja z drugimi \u017eivalmi prek umetnosti, ki bo zdru\u017eevalo tako strokovni kot izkustveni pristop. Poslu\u0161alce bo na lokacijo I\u0161kega morosta zapeljal poseben avtobus, na katerem bo Rothenberg izpeljal predavanje.<\/p>\n<p>Gostovanje Davida Rothenberga predstavlja pomembno nadgradnjo ve\u010dletnega \u010dezvrstnega glasbenega cikla <a href=\"http:\/\/www.steklenik.si\/brane-zorman-vida-vatovec-mauricio-valdes-san-emeterio-gasper-livk-animotmuzik\/\">AnimotMUZIK,<\/a> ki smo ga pod vodstvom zoomuzikologinje Katarine Radaljac, prvi\u010d izvedli leta 2019. Primarna ideja, to je \u00bb<em>spodbujanje zvo\u010dnega raziskovanja, ki sodelujo\u010de nagovarja k ustvarjanju z ne\u010dlove\u0161kimi \u017eivalmi in k prevpra\u0161evanju uveljavljenih na\u010dinov izra\u017eanja skozi glasbo<\/em>\u00ab ostaja enaka. V naprej pripravljeno kompozicijo, ustvarjeno iz zvokov \u017eivali, na katero nato improvizira ve\u010d glasbenikov, bo tokrat nadomestil veliko bolj neposreden izvajalski pristop, ki bo poslu\u0161alkam in poslu\u0161alcem ponudil izku\u0161njo povsem nove in v Sloveniji \u0161e nepoznane oblike zvo\u010dnega dogodka \u2013 neposredne medvrstne improvizacije.<\/p>\n<p><strong>David Rothenberg<\/strong> (1962) je glasbenik, skladatelj in pisatelj. Kot ugledni profesor predava filozofijo in glasbo na In\u0161titutu za tehnologijo v Newarku v New Jerseyu. Ukvarja se s preu\u010devanjem odnosa \u010dloveka do narave ter z zvoki ne\u010dlove\u0161kih \u017eivali, ki jih obravnava kot glasbene. Je eden od glavnih ustvarjalcev na podro\u010dju medvrstne glasbe, znan po svojih glasbenih improvizacijah z \u017eivalmi, zlasti pticami, insekti in kiti. Kot izvajalec in skladatelj je izdal ve\u010d kot 25 albumov in ve\u010d znanstvenih monografij, v katerih pi\u0161e tako iz perspektive glasbenika kot znanstvenika. Je avtor knjig <em>Why Birds Sing<\/em>, <em>Bug Music, Survival of the Beautiful<\/em> in \u0161tevilnih drugih, ki so prevedene v najmanj enajst jezikov. Njegov album <em>One Dark Night I Left My Silent House<\/em> je iz\u0161el pri zalo\u017ebi ECM, nastopal ali snemal pa je z umetniki kot so: Pauline Oliveros, Peter Gabriel, Ray Phiri, Suzanne Vega, Scanner, Elliott Sharp, Ivi Bittov\u00e1 in Karnataka College of Percussion. Njegov zadnji projekt se imenuje <a href=\"https:\/\/www.nightingalesinberlin.com\/\">Nightingales in Berlin<\/a>, izdan je bil kot knjiga, zgo\u0161\u010denka in film, pri kateri je sodeloval z ve\u010d ornitologi in umetniki.<\/p>\n<p><strong>Katarina Radaljac<\/strong> (1993) je magistra muzikologije, ki svoje raziskovanje posve\u010da glasbi ne\u010dlove\u0161kih \u017eivali in interakcijam z njimi. Pri delu povezuje razli\u010dna znanstvena in umetni\u0161ka podro\u010dja kot so zoomuzikologija, aplikativna etnomuzikologija, medvrstna umetnost, \u010dlove\u0161ko-\u017eivalske \u0161tudije, etika \u017eivali in druga. Svoje znanje je izpopolnjevala na Glasbeni univerzi v N\u00fcrnbergu, pri prof. Martinu Urllichu, enem od vodilnih zoomuzikologov v Evropi. Leta 2017 in 2018 se je udele\u017eila Mednarodnega \u0161tudentskega muzikolo\u0161kega simpozija v Gradcu in v Zagrebu, kjer je predstavila \u010dlanka \u00bbFrom speciesism to interspecies music\u00ab in \u00bbIntersectionality as an approach to connect questions regarding current western musical canon, speciesism and sexism\u00ab. Kot predavateljica je sodelovala tudi na festivalih Topografije zvoka in Rde\u010de zore. V letu 2019 je v produkciji zavoda Cona uspe\u0161no kurirala prvo edicijo \u010dezvrstnega glasbenega cikla AnimotMUZIK, v januarju 2021 pa \u0161e njegovo drugo edicijo. Posve\u010da se tudi izobra\u017eevanju otrok in mladih o teh temah \u2013 preko izkustvene delavnice Po poteh medvrstne komunikacije, ki je pol leta po premieri do\u017eivela \u017ee ve\u010d kot 10 ponovitev. Od leta 2013 je Katarina Radaljac stalna honorarna sodelavka 3. programa Radio Slovenija \u2013 programa Ars.<\/p>\n<p><strong>Kolofon:<\/strong><br \/>\nUmetnik:<strong> David Rothenberg<\/strong><br \/>\nKuriranje cikla Animotmuzik: <strong>Katarina Radaljac<\/strong><br \/>\nOrganizacija: <strong>Irena Pivka, Katarina Radaljac<\/strong><br \/>\nTehni\u010dna podpora: <strong>Brane Zorman<\/strong><br \/>\nLektura: <strong>Melita Sili\u010d<\/strong><br \/>\nOdnosi z javnostjo: <strong>Katarina Radaljac<\/strong><br \/>\nFotografija: <strong>Ville Tanttu<\/strong><br \/>\nProdukcija: <strong>Cona, zavod za procesiranje sodobne umetnosti, 2022<\/strong><br \/>\nPartnerji: <strong>Dru\u0161tvo za opazovanje in preu\u010devanje ptic Slovenije (DOPPS), PiNA, laboratorij HEKA<br \/>\n<\/strong><\/p>\n<p>Gostovanje Davida Rothenberga poteka v okviru projekta <strong><a href=\"http:\/\/acousticommons.net\/\">Akusti\u010dno skupno<\/a> (Soundcamp 2022) <\/strong>in spada, skupaj s predavanjem Katarine Radaljac: <em>Medvrstno glasbeno ustvarjanje<\/em> v sodelovanju z DOPPS, v\u00a0 programsko enoto POznanje v Steklenik. <strong><br \/>\n<\/strong><\/p>\n<p>David Rothenbeng je v okviru DOPPS kampanje <a href=\"https:\/\/www.gozdnispecialisti.si\/\">Varuhi gozdnih specialistov<\/a> postal varuh malega muharja<\/p>\n<p>&nbsp;<\/p>\n<p><img loading=\"lazy\" decoding=\"async\" class=\"alignnone wp-image-4832\" src=\"https:\/\/arhiv.cona.si\/wp-content\/uploads\/2022\/12\/AC-PASICA-2.jpg\" alt=\"\" width=\"449\" height=\"27\" \/><\/p>\n<p><img loading=\"lazy\" decoding=\"async\" class=\"alignnone wp-image-4634\" src=\"http:\/\/www.steklenik.si\/wp-content\/uploads\/2022\/03\/Cona-logo-400px1.png\" sizes=\"auto, (max-width: 104px) 100vw, 104px\" srcset=\"http:\/\/www.steklenik.si\/wp-content\/uploads\/2022\/03\/Cona-logo-400px1.png 400w, http:\/\/www.steklenik.si\/wp-content\/uploads\/2022\/03\/Cona-logo-400px1-300x75.png 300w\" alt=\"\" width=\"96\" height=\"24\" \/>\u00a0 \u00a0 \u00a0 \u00a0 \u00a0\u00a0<img loading=\"lazy\" decoding=\"async\" class=\"alignnone wp-image-4696\" src=\"http:\/\/www.steklenik.si\/wp-content\/uploads\/2022\/04\/dopps_logo-11.jpg\" sizes=\"auto, (max-width: 63px) 100vw, 63px\" srcset=\"http:\/\/www.steklenik.si\/wp-content\/uploads\/2022\/04\/dopps_logo-11.jpg 500w, http:\/\/www.steklenik.si\/wp-content\/uploads\/2022\/04\/dopps_logo-11-300x300.jpg 300w, http:\/\/www.steklenik.si\/wp-content\/uploads\/2022\/04\/dopps_logo-11-150x150.jpg 150w\" alt=\"\" width=\"43\" height=\"43\" \/>\u00a0 \u00a0 \u00a0 \u00a0<strong>\u00a0 \u00a0 \u00a0 \u00a0 \u00a0<img loading=\"lazy\" decoding=\"async\" class=\"alignnone wp-image-4698\" src=\"http:\/\/www.steklenik.si\/wp-content\/uploads\/2022\/04\/PiNA-logo-rich-black.png\" sizes=\"auto, (max-width: 64px) 100vw, 64px\" srcset=\"http:\/\/www.steklenik.si\/wp-content\/uploads\/2022\/04\/PiNA-logo-rich-black.png 591w, http:\/\/www.steklenik.si\/wp-content\/uploads\/2022\/04\/PiNA-logo-rich-black-300x205.png 300w\" alt=\"\" width=\"47\" height=\"32\" \/> \u00a0 \u00a0 \u00a0 \u00a0\u00a0 <img loading=\"lazy\" decoding=\"async\" class=\"alignnone wp-image-4745\" src=\"http:\/\/www.steklenik.si\/wp-content\/uploads\/2022\/04\/HEKA_primary_logo_color-3.png\" sizes=\"auto, (max-width: 95px) 100vw, 95px\" srcset=\"http:\/\/www.steklenik.si\/wp-content\/uploads\/2022\/04\/HEKA_primary_logo_color-3.png 7094w, http:\/\/www.steklenik.si\/wp-content\/uploads\/2022\/04\/HEKA_primary_logo_color-3-300x80.png 300w, http:\/\/www.steklenik.si\/wp-content\/uploads\/2022\/04\/HEKA_primary_logo_color-3-768x204.png 768w, http:\/\/www.steklenik.si\/wp-content\/uploads\/2022\/04\/HEKA_primary_logo_color-3-1536x408.png 1536w, http:\/\/www.steklenik.si\/wp-content\/uploads\/2022\/04\/HEKA_primary_logo_color-3-2048x544.png 2048w\" alt=\"\" width=\"68\" height=\"18\" \/><\/strong><\/p>\n","protected":false},"excerpt":{"rendered":"<p>medvrstni zvo\u010dni dogodki s slavci gostovanje v okviru projekta Akusti\u010dno skupno \u010cetrtek, 12.5.2022, I\u0161ki morost, Ljubljansko barje Sobota, 14.5.2022, \u0160kocjanski zatok, Koper David Rothenberg, uveljavljeni ameri\u0161ki klarinetist, jazz glasbenik, skladatelj in profesor, je svojo solisti\u010dno in improvizatorsko kariero raz\u0161iril in obogatil skozi ustvarjanje z drugimi \u017eivalskimi vrstami. Meseca maja, zve\u010der, ko so glavni glasbeniki no\u010di [&hellip;]<\/p>\n","protected":false},"author":2,"featured_media":0,"comment_status":"closed","ping_status":"closed","sticky":false,"template":"","format":"standard","meta":{"footnotes":""},"categories":[6,3,12],"tags":[],"class_list":["post-1555","post","type-post","status-publish","format-standard","hentry","category-4zvok-glasba","category-5cona","category-accoustic-commons"],"_links":{"self":[{"href":"https:\/\/arhiv.cona.si\/slo\/wp-json\/wp\/v2\/posts\/1555","targetHints":{"allow":["GET"]}}],"collection":[{"href":"https:\/\/arhiv.cona.si\/slo\/wp-json\/wp\/v2\/posts"}],"about":[{"href":"https:\/\/arhiv.cona.si\/slo\/wp-json\/wp\/v2\/types\/post"}],"author":[{"embeddable":true,"href":"https:\/\/arhiv.cona.si\/slo\/wp-json\/wp\/v2\/users\/2"}],"replies":[{"embeddable":true,"href":"https:\/\/arhiv.cona.si\/slo\/wp-json\/wp\/v2\/comments?post=1555"}],"version-history":[{"count":12,"href":"https:\/\/arhiv.cona.si\/slo\/wp-json\/wp\/v2\/posts\/1555\/revisions"}],"predecessor-version":[{"id":1737,"href":"https:\/\/arhiv.cona.si\/slo\/wp-json\/wp\/v2\/posts\/1555\/revisions\/1737"}],"wp:attachment":[{"href":"https:\/\/arhiv.cona.si\/slo\/wp-json\/wp\/v2\/media?parent=1555"}],"wp:term":[{"taxonomy":"category","embeddable":true,"href":"https:\/\/arhiv.cona.si\/slo\/wp-json\/wp\/v2\/categories?post=1555"},{"taxonomy":"post_tag","embeddable":true,"href":"https:\/\/arhiv.cona.si\/slo\/wp-json\/wp\/v2\/tags?post=1555"}],"curies":[{"name":"wp","href":"https:\/\/api.w.org\/{rel}","templated":true}]}}