{"id":1452,"date":"2022-02-11T13:18:17","date_gmt":"2022-02-11T11:18:17","guid":{"rendered":"https:\/\/arhiv.cona.si\/slo\/?p=1452"},"modified":"2022-03-15T16:45:29","modified_gmt":"2022-03-15T14:45:29","slug":"thomas-gorbach-the-vienna-acousmonium","status":"publish","type":"post","link":"https:\/\/arhiv.cona.si\/slo\/2022\/02\/11\/thomas-gorbach-the-vienna-acousmonium\/","title":{"rendered":"Thomas Gorbach &#038; The Vienna Acousmonium"},"content":{"rendered":"<p><strong><a href=\"https:\/\/arhiv.cona.si\/slo\/wp-content\/uploads\/sites\/2\/2022\/02\/WorkshopUkrain.jpg\"><img loading=\"lazy\" decoding=\"async\" class=\"size-thumbnail wp-image-1453 alignleft\" src=\"https:\/\/arhiv.cona.si\/slo\/wp-content\/uploads\/sites\/2\/2022\/02\/WorkshopUkrain-150x150.jpg\" alt=\"\" width=\"150\" height=\"150\" \/><\/a><\/strong> Dva ve\u010dera akuzmati\u010dne glasbe v prostorskem zvoku z gostujo\u010dimi umetniki: Martina Claussen, Patrick K.-H., Thomas Gorbach, Luka Prin\u010di\u010d, Mauricio Valdes in Brane Zorman.<br \/>\nv sodelovanju s <a href=\"https:\/\/www.kinosiska.si\/\">Kino \u0160i\u0161ka<\/a><\/p>\n<p>Torek, 15.3. in sreda, 16.3. ob 20.00,<br \/>\nKino \u0160i\u0161ka, Katedrala<br \/>\n<span class=\"d2edcug0 hpfvmrgz qv66sw1b c1et5uql lr9zc1uh a8c37x1j fe6kdd0r mau55g9w c8b282yb keod5gw0 nxhoafnm aigsh9s9 d3f4x2em iv3no6db jq4qci2q a3bd9o3v b1v8xokw oo9gr5id\" dir=\"auto\">Cena vstopnice: 8\u20ac, za oba ve\u010dera 12\u20ac: <a class=\"oajrlxb2 g5ia77u1 qu0x051f esr5mh6w e9989ue4 r7d6kgcz rq0escxv nhd2j8a9 nc684nl6 p7hjln8o kvgmc6g5 cxmmr5t8 oygrvhab hcukyx3x jb3vyjys rz4wbd8a qt6c0cv9 a8nywdso i1ao9s8h esuyzwwr f1sip0of lzcic4wl gpro0wi8 py34i1dx\" tabindex=\"0\" role=\"link\" href=\"https:\/\/bit.ly\/KS_tix?fbclid=IwAR21WuIs3rnn60QmJlOiJtuGdiXTe4HEIuRSd9khd1S770ufOEiTyx8VJwc\" target=\"_blank\" rel=\"nofollow noopener noreferrer\">https:\/\/bit.ly\/KS_tix<\/a><\/span><\/p>\n<p><!--more--><\/p>\n<p>V Ljubljano prihaja avstrijski glasbenik, izvajalec in akuzmati\u010dni skladatelj Thomas Gorbach, skupaj z umetnikoma Martino Claussen in Patrickom K.-H. iz umetni\u0161kega zdru\u017eenja\u00a0\u00a0 <a href=\"https:\/\/theacousmaticproject.at\/das-wiener-akusmonium\/\"><em>The Acousmatic Project.\u00a0<\/em> <\/a>Njihovi za\u010detni koncerti z osmimi zvo\u010dniki, postavljenimi v krogu, so prerasli v koncertno organizacijo s posebej zgrajenim orkestrom The Vienna Acousmonium, ki ga sestavlja ve\u010d kot trideset zvo\u010dnikov z mo\u017enostjo manipulacije zvoka v \u017eivo.<\/p>\n<p><span class=\"d2edcug0 hpfvmrgz qv66sw1b c1et5uql lr9zc1uh a8c37x1j fe6kdd0r mau55g9w c8b282yb keod5gw0 nxhoafnm aigsh9s9 d3f4x2em iv3no6db jq4qci2q a3bd9o3v b1v8xokw oo9gr5id\" dir=\"auto\">Ambient dvorane Katedrala v Kino \u0160i\u0161ka se bo spremenil v multi-dimenzionalni zvo\u010dni studio in laboratorij za ob\u010dutljivo in fokusirano poslu\u0161anje. Na zvo\u010dnem sistemu, ki ga sestavlja tridesetih visoko kakovostnih zvo\u010dnikov, bo Thomas Gorbach v dveh dvournih ve\u010dernih prostorskih popotovanjih predstavil kurirani izbor posnetih ve\u010dkanalnih elekroakusti\u010dnih skladb in nastope povabljenih slovenskih in avstrijskih zvo\u010dnih umetnikov.<\/span><\/p>\n<p><strong>PROGRAM:<\/strong> torek, 15.3.2022<br \/>\n<strong>Caroline Profanter<\/strong> <em>Cr\u00e9atures Composites<\/em> |2020 | 10\u2019 36\u201d | posnetek | stereo<br \/>\nzvo\u010dna projekcija | Thomas Gorbach<\/p>\n<p><strong>Mauricio Valdes<\/strong> <em>Desierto Sonoro<\/em> |iz knjige <em>Lost Children Archive<\/em> Valerie Luiselli | 20\u2032 |<br \/>\npremierna izvedba v \u017eivo<br \/>\nzvo\u010dna projekcija | Mauricio Valdes<\/p>\n<p><strong>Martina Claussen<\/strong><em> Lisa<\/em> | 2017 | 9\u2019 15\u201c | posnetek | stereo<br \/>\nzvo\u010dna projekcija | Martina Claussen<\/p>\n<p>***<\/p>\n<p><strong>Alla Zagaykevych<\/strong> <em>MISTO<\/em> | 2017 | 6\u2019 39\u201c | posnetek, Viktoriia Vitrenko (sopran) | Kijev, 2018 |stereo<br \/>\nzvo\u010dna projekcija | Thomas Gorbach<\/p>\n<p><strong>Thomas Gorbach<\/strong> <em>Flashrust<\/em> | 2019 | 9\u2019 38\u201c | posnetek | stereo<br \/>\nzvo\u010dna projekcija | Thomas Gorbach<\/p>\n<p><strong>Luka Prin\u010di\u010d<\/strong> <em>Rhizosphere<\/em> | 2020 | 20\u2032 | osemkanalna skladba |\u00a0 v \u017eivo<br \/>\nzvo\u010dna projekcija | Luka Prin\u010di\u010d<\/p>\n<p><strong>Horacio Vaggione<\/strong><em> Nodal<\/em> | 1997 | 12\u2019 57\u201c\u00a0 | posnetek | stereo<br \/>\nzvo\u010dna projekcija | Thomas Gorbach<\/p>\n<p><strong>PROGRAM:<\/strong> sreda, 16. marec 2022 ob 20.00<\/p>\n<p><strong>Anastasia Belitska<\/strong> <em>Rusalochka <\/em>| 2019 | 6\u2019 48\u201c | posnetek | stereo<br \/>\nzvo\u010dna projekcija | Martina Claussen<\/p>\n<p><strong>Thomas Gorbach<\/strong> <em>Impact From Mars<\/em> | 2020\/21 | 11\u2019 37\u201c | posnetek | stereo<br \/>\nzvo\u010dna projekcija | Thomas Gorbach<\/p>\n<p><strong>Brane Zorman<\/strong> <em>The Tree Spirits I Touch <\/em>| 2021 | 22\u2032 | osemkanalna skladba | v \u017eivo<br \/>\nzvo\u010dna projekcija | Brane Zorman | posnetek, elektronika, video<\/p>\n<p>***<\/p>\n<p><strong>Patrick K.-H.<\/strong> <em>fwer <\/em>| 2020\u201322 | octophonic | del skladbe 14\u201937\u201c | premierna izvedba v \u017eivo<br \/>\nzvo\u010dna projekcija | Patrick K.-H.<\/p>\n<p><strong>Katharina Klement<\/strong> <em>Brandung II<\/em> | 1995\/96 | 16\u201c | posnetek | stereo<br \/>\nzvo\u010dna projekcija | Thomas Gorbach<\/p>\n<p><strong>Trio Austria\u2013Electro<\/strong> <em>Thingness<\/em> | 2021 | 15\u2032 | transformacija v \u017eivo<br \/>\nMartina Claussen | elektronika v \u017eivo, objekti, glas<br \/>\nPatrick K.-H. | elektronika v \u017eivo, video<br \/>\nThomas Gorbach | spacializacija<\/p>\n<p>&nbsp;<\/p>\n<p><em>Produkcija dogodkov:<\/em> CONA, 2022 (enota PODrastje)<br \/>\n<em>Koprodukcija:<\/em><\/p>\n<p><img loading=\"lazy\" decoding=\"async\" class=\"alignnone wp-image-1456\" src=\"https:\/\/arhiv.cona.si\/slo\/wp-content\/uploads\/sites\/2\/2022\/02\/KS-lezec-logo-s-crno-podlago-300x110.png\" alt=\"\" width=\"66\" height=\"24\" srcset=\"https:\/\/arhiv.cona.si\/slo\/wp-content\/uploads\/sites\/2\/2022\/02\/KS-lezec-logo-s-crno-podlago-300x110.png 300w, https:\/\/arhiv.cona.si\/slo\/wp-content\/uploads\/sites\/2\/2022\/02\/KS-lezec-logo-s-crno-podlago-1024x375.png 1024w, https:\/\/arhiv.cona.si\/slo\/wp-content\/uploads\/sites\/2\/2022\/02\/KS-lezec-logo-s-crno-podlago-768x281.png 768w, https:\/\/arhiv.cona.si\/slo\/wp-content\/uploads\/sites\/2\/2022\/02\/KS-lezec-logo-s-crno-podlago.png 1340w\" sizes=\"auto, (max-width: 66px) 100vw, 66px\" \/><\/p>\n<p><em>Partnerji:<\/em><\/p>\n<p><a href=\"https:\/\/arhiv.cona.si\/slo\/wp-content\/uploads\/sites\/2\/2022\/02\/logo_final-10.png\"><img loading=\"lazy\" decoding=\"async\" class=\"alignnone wp-image-1458\" src=\"https:\/\/arhiv.cona.si\/slo\/wp-content\/uploads\/sites\/2\/2022\/02\/logo_final-10-300x207.png\" alt=\"\" width=\"73\" height=\"50\" srcset=\"https:\/\/arhiv.cona.si\/slo\/wp-content\/uploads\/sites\/2\/2022\/02\/logo_final-10-300x207.png 300w, https:\/\/arhiv.cona.si\/slo\/wp-content\/uploads\/sites\/2\/2022\/02\/logo_final-10-1024x707.png 1024w, https:\/\/arhiv.cona.si\/slo\/wp-content\/uploads\/sites\/2\/2022\/02\/logo_final-10-768x530.png 768w, https:\/\/arhiv.cona.si\/slo\/wp-content\/uploads\/sites\/2\/2022\/02\/logo_final-10.png 1117w\" sizes=\"auto, (max-width: 73px) 100vw, 73px\" \/><\/a> \u00a0\u00a0\u00a0\u00a0 <img loading=\"lazy\" decoding=\"async\" class=\"alignnone wp-image-1457\" src=\"https:\/\/arhiv.cona.si\/slo\/wp-content\/uploads\/sites\/2\/2022\/02\/ljubljanabig-300x55.jpg\" alt=\"\" width=\"142\" height=\"26\" srcset=\"https:\/\/arhiv.cona.si\/slo\/wp-content\/uploads\/sites\/2\/2022\/02\/ljubljanabig-300x55.jpg 300w, https:\/\/arhiv.cona.si\/slo\/wp-content\/uploads\/sites\/2\/2022\/02\/ljubljanabig-1024x189.jpg 1024w, https:\/\/arhiv.cona.si\/slo\/wp-content\/uploads\/sites\/2\/2022\/02\/ljubljanabig-768x142.jpg 768w, https:\/\/arhiv.cona.si\/slo\/wp-content\/uploads\/sites\/2\/2022\/02\/ljubljanabig-1536x283.jpg 1536w, https:\/\/arhiv.cona.si\/slo\/wp-content\/uploads\/sites\/2\/2022\/02\/ljubljanabig-2048x378.jpg 2048w\" sizes=\"auto, (max-width: 142px) 100vw, 142px\" \/> \u00a0 \u00a0 \u00a0\u00a0 \u00a0 <img loading=\"lazy\" decoding=\"async\" class=\"alignnone wp-image-1472\" src=\"https:\/\/arhiv.cona.si\/slo\/wp-content\/uploads\/sites\/2\/2022\/02\/BMKOES_Logo-300x81.jpg\" alt=\"\" width=\"145\" height=\"39\" srcset=\"https:\/\/arhiv.cona.si\/slo\/wp-content\/uploads\/sites\/2\/2022\/02\/BMKOES_Logo-300x81.jpg 300w, https:\/\/arhiv.cona.si\/slo\/wp-content\/uploads\/sites\/2\/2022\/02\/BMKOES_Logo-1024x275.jpg 1024w, https:\/\/arhiv.cona.si\/slo\/wp-content\/uploads\/sites\/2\/2022\/02\/BMKOES_Logo-768x206.jpg 768w, https:\/\/arhiv.cona.si\/slo\/wp-content\/uploads\/sites\/2\/2022\/02\/BMKOES_Logo-1536x413.jpg 1536w, https:\/\/arhiv.cona.si\/slo\/wp-content\/uploads\/sites\/2\/2022\/02\/BMKOES_Logo.jpg 1723w\" sizes=\"auto, (max-width: 145px) 100vw, 145px\" \/> \u00a0\u00a0\u00a0\u00a0\u00a0 \u00a0 \u00a0 \u00a0\u00a0 <img loading=\"lazy\" decoding=\"async\" class=\"alignnone wp-image-1473\" src=\"https:\/\/arhiv.cona.si\/slo\/wp-content\/uploads\/sites\/2\/2022\/02\/Stadt-Wien-Kultur_Logo_pos_rgb-300x83.jpg\" alt=\"\" width=\"105\" height=\"29\" srcset=\"https:\/\/arhiv.cona.si\/slo\/wp-content\/uploads\/sites\/2\/2022\/02\/Stadt-Wien-Kultur_Logo_pos_rgb-300x83.jpg 300w, https:\/\/arhiv.cona.si\/slo\/wp-content\/uploads\/sites\/2\/2022\/02\/Stadt-Wien-Kultur_Logo_pos_rgb-768x212.jpg 768w, https:\/\/arhiv.cona.si\/slo\/wp-content\/uploads\/sites\/2\/2022\/02\/Stadt-Wien-Kultur_Logo_pos_rgb.jpg 860w\" sizes=\"auto, (max-width: 105px) 100vw, 105px\" \/><\/p>\n<p>&nbsp;<\/p>\n","protected":false},"excerpt":{"rendered":"<p>Dva ve\u010dera akuzmati\u010dne glasbe v prostorskem zvoku z gostujo\u010dimi umetniki: Martina Claussen, Patrick K.-H., Thomas Gorbach, Luka Prin\u010di\u010d, Mauricio Valdes in Brane Zorman. v sodelovanju s Kino \u0160i\u0161ka Torek, 15.3. in sreda, 16.3. ob 20.00, Kino \u0160i\u0161ka, Katedrala Cena vstopnice: 8\u20ac, za oba ve\u010dera 12\u20ac: https:\/\/bit.ly\/KS_tix<\/p>\n","protected":false},"author":2,"featured_media":0,"comment_status":"closed","ping_status":"closed","sticky":false,"template":"","format":"standard","meta":{"footnotes":""},"categories":[6,3],"tags":[],"class_list":["post-1452","post","type-post","status-publish","format-standard","hentry","category-4zvok-glasba","category-5cona"],"_links":{"self":[{"href":"https:\/\/arhiv.cona.si\/slo\/wp-json\/wp\/v2\/posts\/1452","targetHints":{"allow":["GET"]}}],"collection":[{"href":"https:\/\/arhiv.cona.si\/slo\/wp-json\/wp\/v2\/posts"}],"about":[{"href":"https:\/\/arhiv.cona.si\/slo\/wp-json\/wp\/v2\/types\/post"}],"author":[{"embeddable":true,"href":"https:\/\/arhiv.cona.si\/slo\/wp-json\/wp\/v2\/users\/2"}],"replies":[{"embeddable":true,"href":"https:\/\/arhiv.cona.si\/slo\/wp-json\/wp\/v2\/comments?post=1452"}],"version-history":[{"count":32,"href":"https:\/\/arhiv.cona.si\/slo\/wp-json\/wp\/v2\/posts\/1452\/revisions"}],"predecessor-version":[{"id":1518,"href":"https:\/\/arhiv.cona.si\/slo\/wp-json\/wp\/v2\/posts\/1452\/revisions\/1518"}],"wp:attachment":[{"href":"https:\/\/arhiv.cona.si\/slo\/wp-json\/wp\/v2\/media?parent=1452"}],"wp:term":[{"taxonomy":"category","embeddable":true,"href":"https:\/\/arhiv.cona.si\/slo\/wp-json\/wp\/v2\/categories?post=1452"},{"taxonomy":"post_tag","embeddable":true,"href":"https:\/\/arhiv.cona.si\/slo\/wp-json\/wp\/v2\/tags?post=1452"}],"curies":[{"name":"wp","href":"https:\/\/api.w.org\/{rel}","templated":true}]}}