{"id":1171,"date":"2020-05-21T10:41:06","date_gmt":"2020-05-21T08:41:06","guid":{"rendered":"https:\/\/arhiv.cona.si\/slo\/?p=1171"},"modified":"2020-05-21T11:34:13","modified_gmt":"2020-05-21T09:34:13","slug":"jata-c-v-zivo-live-streaming","status":"publish","type":"post","link":"https:\/\/arhiv.cona.si\/slo\/2020\/05\/21\/jata-c-v-zivo-live-streaming\/","title":{"rendered":"Jata C v \u017eivo &#8211; live streaming"},"content":{"rendered":"<p style=\"text-align: left;\"><a href=\"https:\/\/arhiv.cona.si\/slo\/wp-content\/uploads\/sites\/2\/2020\/05\/83392066_2880040915380776_20898623o.jpg\"><img loading=\"lazy\" decoding=\"async\" class=\"size-thumbnail wp-image-1172 alignleft\" src=\"https:\/\/arhiv.cona.si\/slo\/wp-content\/uploads\/sites\/2\/2020\/05\/83392066_2880040915380776_20898623o-150x150.jpg\" alt=\"\" width=\"150\" height=\"150\" \/> <\/a>\u010cetrtek, 21.5.2020<br \/>\nSpletni dogodek &#8211; prenos koncerta v \u017eivo<br \/>\n<a href=\"https:\/\/www.facebook.com\/cona.zavod\/live\">povezava<\/a> do dogodka<\/p>\n<p>Jata C se v \u010detrtek zve\u010der znova zbere v istem fizi\u010dnem prostoru, kjer bo po dolgem \u010dasu zopet lahko raziskovala okoljske zvoke in ustvarjala bioakusti\u010dna dela &#8211; brez spletnih platform za komunikacijo na daljavo, motenja zvoka, zamrzovanja videopovezave in podobnih nev\u0161e\u010dnosti, ki so v zadnjih dveh mesecih precej ote\u017eevala ustvarjalno delo, ki zahteva fizi\u010dni stik. Skupina, v zasedbi beepblip, OR poiesis, Bo\u0161tjan Perov\u0161ek, Bojana \u0160alji\u0107 P. in Brane Zorman, vas tako z veseljem vabi k poslu\u0161anju koncerta, ki ga bo pripravila ob tej prilo\u017enosti.<\/p>\n<p>Jata C zdru\u017euje interesno povezane umetnice in umetnike, ki raziskujejo biakustiko in zvo\u010dno ekologijo. Preko zvo\u010dne zaznave zdru\u017eujejo okoljevarstvene in dru\u017ebene teme. Ob tem uporabljajo tako zapise realnega stanja sveta kot spekulativne projekcije.<\/p>\n","protected":false},"excerpt":{"rendered":"<p>\u010cetrtek, 21.5.2020 Spletni dogodek &#8211; prenos koncerta v \u017eivo povezava do dogodka Jata C se v \u010detrtek zve\u010der znova zbere v istem fizi\u010dnem prostoru, kjer bo po dolgem \u010dasu zopet lahko raziskovala okoljske zvoke in ustvarjala bioakusti\u010dna dela &#8211; brez spletnih platform za komunikacijo na daljavo, motenja zvoka, zamrzovanja videopovezave in podobnih nev\u0161e\u010dnosti, ki so [&hellip;]<\/p>\n","protected":false},"author":2,"featured_media":0,"comment_status":"closed","ping_status":"closed","sticky":false,"template":"","format":"standard","meta":{"footnotes":""},"categories":[3],"tags":[],"class_list":["post-1171","post","type-post","status-publish","format-standard","hentry","category-5cona"],"_links":{"self":[{"href":"https:\/\/arhiv.cona.si\/slo\/wp-json\/wp\/v2\/posts\/1171","targetHints":{"allow":["GET"]}}],"collection":[{"href":"https:\/\/arhiv.cona.si\/slo\/wp-json\/wp\/v2\/posts"}],"about":[{"href":"https:\/\/arhiv.cona.si\/slo\/wp-json\/wp\/v2\/types\/post"}],"author":[{"embeddable":true,"href":"https:\/\/arhiv.cona.si\/slo\/wp-json\/wp\/v2\/users\/2"}],"replies":[{"embeddable":true,"href":"https:\/\/arhiv.cona.si\/slo\/wp-json\/wp\/v2\/comments?post=1171"}],"version-history":[{"count":2,"href":"https:\/\/arhiv.cona.si\/slo\/wp-json\/wp\/v2\/posts\/1171\/revisions"}],"predecessor-version":[{"id":1174,"href":"https:\/\/arhiv.cona.si\/slo\/wp-json\/wp\/v2\/posts\/1171\/revisions\/1174"}],"wp:attachment":[{"href":"https:\/\/arhiv.cona.si\/slo\/wp-json\/wp\/v2\/media?parent=1171"}],"wp:term":[{"taxonomy":"category","embeddable":true,"href":"https:\/\/arhiv.cona.si\/slo\/wp-json\/wp\/v2\/categories?post=1171"},{"taxonomy":"post_tag","embeddable":true,"href":"https:\/\/arhiv.cona.si\/slo\/wp-json\/wp\/v2\/tags?post=1171"}],"curies":[{"name":"wp","href":"https:\/\/api.w.org\/{rel}","templated":true}]}}